{"id":10808,"date":"2025-05-31T20:29:27","date_gmt":"2025-05-31T18:29:27","guid":{"rendered":"https:\/\/medyk.wroclaw.dolnyslask.pl\/?p=10808"},"modified":"2025-05-31T20:29:53","modified_gmt":"2025-05-31T18:29:53","slug":"44-kongres-pltr","status":"publish","type":"post","link":"https:\/\/medyk.wroclaw.dolnyslask.pl\/index.php\/44-kongres-pltr\/2025\/05\/31\/ppowilan\/","title":{"rendered":"44 kongres PLTR"},"content":{"rendered":"<div class=\"html-div xdj266r x11i5rnm xat24cr x1mh8g0r xexx8yu x4uap5 x18d9i69 xkhd6sd\" dir=\"auto\">\n<div class=\"html-div xdj266r x11i5rnm xat24cr x1mh8g0r xexx8yu x4uap5 x18d9i69 xkhd6sd\" data-ad-rendering-role=\"story_message\">\n<div id=\"\u00abrdb\u00bb\" class=\"x1l90r2v x1iorvi4 x1ye3gou xn6708d\" data-ad-comet-preview=\"message\" data-ad-preview=\"message\">\n<div class=\"x78zum5 xdt5ytf xz62fqu x16ldp7u\">\n<div class=\"xu06os2 x1ok221b\">\n<div class=\"html-div xdj266r x11i5rnm xat24cr x1mh8g0r xexx8yu x4uap5 x18d9i69 xkhd6sd\">\n<div class=\"xdj266r x11i5rnm xat24cr x1mh8g0r x1vvkbs x126k92a\">\n<div dir=\"auto\" style=\"text-align: center;\">Reprezentacja <span class=\"html-span xdj266r x11i5rnm xat24cr x1mh8g0r xexx8yu x4uap5 x18d9i69 xkhd6sd x1hl2dhg x16tdsg8 x1vvkbs\"><a class=\"x1i10hfl xjbqb8w x1ejq31n xd10rxx x1sy0etr x17r0tee x972fbf xcfux6l x1qhh985 xm0m39n x9f619 x1ypdohk xt0psk2 xe8uvvx xdj266r x11i5rnm xat24cr x1mh8g0r xexx8yu x4uap5 x18d9i69 xkhd6sd x16tdsg8 x1hl2dhg xggy1nq x1a2a7pz xkrqix3 x1sur9pj x1fey0fg x1s688f\" tabindex=\"0\" role=\"link\" href=\"https:\/\/www.facebook.com\/profile.php?id=100057505117851&amp;__cft__[0]=AZXUVDdvBuwphQJnsqpqtFSC9lloEYYv-UiGkynq8z57vGwUtIrXYW1y3wlyLUt_GicYATkdq3LDjLaVNT2PAmwCOpRmb9f1ghbYaHyipAQ77aNO1sW1rOEPr6iNwUG-s1XuUYLWLl_k9lW4C0SBVK5-ATygH2sYhJjLb8sN9HsOYE1aRR9rrgxUw5JOztvbEEIVRLA2EynKVhakoc_aT6Rp&amp;__tn__=-]K-R\"><span class=\"xt0psk2\"><span class=\"xjp7ctv\">Dolno\u015bl\u0105skiej Szko\u0142y Policealnej Medycznej im.M.Sk\u0142odowskiej-Curie we Wroc\u0142awiu<\/span><\/span><\/a><\/span> na <a href=\"https:\/\/pltr2025.com.pl\/\">44. Kongresie Polskiego Lekarskiego Towarzystwa Radiologicznego.<\/a><\/div>\n<div dir=\"auto\" style=\"text-align: center;\">Ogrom zdobytej wiedzy i nowinki ze \u015bwiata Radiologii oraz Elektroradiologii. Je\u015bte\u015bmy przekonani, \u017ce nasze przedstawicielki ch\u0119tnie podziel\u0105 si\u0119 wra\u017ceniami z kongresu, podczas zaj\u0119\u0107 kierunkowych.<\/div>\n<div dir=\"auto\" style=\"text-align: center;\">Kongres odbywa\u0142 si\u0119 w dniach 29 &#8211; 31 maja 2025 w Poznaniu.<\/div>\n<\/div>\n<\/div>\n<div dir=\"auto\" style=\"text-align: center;\"><img loading=\"lazy\" decoding=\"async\" class=\"size-large wp-image-10811 aligncenter\" src=\"https:\/\/medyk.wroclaw.dolnyslask.pl\/wp-content\/uploads\/2025\/05\/1000002748-1024x591.jpg\" alt=\"\" width=\"1024\" height=\"591\" srcset=\"https:\/\/medyk.wroclaw.dolnyslask.pl\/wp-content\/uploads\/2025\/05\/1000002748-1024x591.jpg 1024w, https:\/\/medyk.wroclaw.dolnyslask.pl\/wp-content\/uploads\/2025\/05\/1000002748-300x173.jpg 300w, https:\/\/medyk.wroclaw.dolnyslask.pl\/wp-content\/uploads\/2025\/05\/1000002748-768x443.jpg 768w, https:\/\/medyk.wroclaw.dolnyslask.pl\/wp-content\/uploads\/2025\/05\/1000002748-1536x887.jpg 1536w, https:\/\/medyk.wroclaw.dolnyslask.pl\/wp-content\/uploads\/2025\/05\/1000002748-2048x1182.jpg 2048w\" sizes=\"auto, (max-width: 1024px) 100vw, 1024px\" \/><\/div>\n<div dir=\"auto\" style=\"text-align: center;\">Od lewej: Pani mgr in\u017c. Izabela Polo\u0144ska, Pani wicedyrektor dr Ewa Wr\u00f3bel, Pani mgr in\u017c. Paulina Powi\u0142an<\/div>\n<\/div>\n<\/div>\n<\/div>\n<\/div>\n<\/div>\n","protected":false},"excerpt":{"rendered":"<p>Reprezentacja Dolno\u015bl\u0105skiej Szko\u0142y Policealnej Medycznej im.M.Sk\u0142odowskiej-Curie we Wroc\u0142awiu na 44. Kongresie Polskiego Lekarskiego Towarzystwa Radiologicznego. Ogrom zdobytej wiedzy i nowinki ze \u015bwiata Radiologii oraz Elektroradiologii. Je\u015bte\u015bmy przekonani, \u017ce nasze przedstawicielki [&hellip;]<\/p>\n","protected":false},"author":26,"featured_media":0,"comment_status":"open","ping_status":"open","sticky":false,"template":"","format":"standard","meta":{"footnotes":""},"categories":[1],"tags":[],"class_list":["post-10808","post","type-post","status-publish","format-standard","hentry","category-aktualnosci","clearfix"],"_links":{"self":[{"href":"https:\/\/medyk.wroclaw.dolnyslask.pl\/index.php\/wp-json\/wp\/v2\/posts\/10808","targetHints":{"allow":["GET"]}}],"collection":[{"href":"https:\/\/medyk.wroclaw.dolnyslask.pl\/index.php\/wp-json\/wp\/v2\/posts"}],"about":[{"href":"https:\/\/medyk.wroclaw.dolnyslask.pl\/index.php\/wp-json\/wp\/v2\/types\/post"}],"author":[{"embeddable":true,"href":"https:\/\/medyk.wroclaw.dolnyslask.pl\/index.php\/wp-json\/wp\/v2\/users\/26"}],"replies":[{"embeddable":true,"href":"https:\/\/medyk.wroclaw.dolnyslask.pl\/index.php\/wp-json\/wp\/v2\/comments?post=10808"}],"version-history":[{"count":3,"href":"https:\/\/medyk.wroclaw.dolnyslask.pl\/index.php\/wp-json\/wp\/v2\/posts\/10808\/revisions"}],"predecessor-version":[{"id":10820,"href":"https:\/\/medyk.wroclaw.dolnyslask.pl\/index.php\/wp-json\/wp\/v2\/posts\/10808\/revisions\/10820"}],"wp:attachment":[{"href":"https:\/\/medyk.wroclaw.dolnyslask.pl\/index.php\/wp-json\/wp\/v2\/media?parent=10808"}],"wp:term":[{"taxonomy":"category","embeddable":true,"href":"https:\/\/medyk.wroclaw.dolnyslask.pl\/index.php\/wp-json\/wp\/v2\/categories?post=10808"},{"taxonomy":"post_tag","embeddable":true,"href":"https:\/\/medyk.wroclaw.dolnyslask.pl\/index.php\/wp-json\/wp\/v2\/tags?post=10808"}],"curies":[{"name":"wp","href":"https:\/\/api.w.org\/{rel}","templated":true}]}}