{"id":11371,"date":"2025-09-22T13:07:33","date_gmt":"2025-09-22T11:07:33","guid":{"rendered":"https:\/\/medyk.wroclaw.dolnyslask.pl\/?p=11371"},"modified":"2025-09-22T13:07:33","modified_gmt":"2025-09-22T11:07:33","slug":"czy-nas-widac-czy-nas-slychac-czyli-nowa-dekoracja-przed-szkola","status":"publish","type":"post","link":"https:\/\/medyk.wroclaw.dolnyslask.pl\/index.php\/czy-nas-widac-czy-nas-slychac-czyli-nowa-dekoracja-przed-szkola\/2025\/09\/22\/ppowilan\/","title":{"rendered":"Czy nas wida\u0107, czy nas s\u0142ycha\u0107 &#8211; czyli nowa dekoracja przed szko\u0142\u0105"},"content":{"rendered":"<p style=\"text-align: center;\"><strong>Czy widzieli\u015bcie ju\u017c nasz p\u0142ot przed szko\u0142\u0105? Widniej\u0105 na nim loga naszych kierunk\u00f3w \ud83d\ude42\u00a0<\/strong><\/p>\n<p style=\"text-align: center;\"><strong>Zach\u0119camy do robienia sobie przy nich zdj\u0119\u0107 i oznaczania nas w SocialMediach!<\/strong><\/p>\n<p style=\"text-align: center;\"><strong>Nie da si\u0119 przej\u015b\u0107 obok nich oboj\u0119tnie! \ud83d\ude42<\/strong><\/p>\n<p><img loading=\"lazy\" decoding=\"async\" class=\"size-large wp-image-11374 aligncenter\" src=\"https:\/\/medyk.wroclaw.dolnyslask.pl\/wp-content\/uploads\/2025\/09\/signal-2025-09-22-123608-1024x771.jpeg\" alt=\"\" width=\"1024\" height=\"771\" srcset=\"https:\/\/medyk.wroclaw.dolnyslask.pl\/wp-content\/uploads\/2025\/09\/signal-2025-09-22-123608-1024x771.jpeg 1024w, https:\/\/medyk.wroclaw.dolnyslask.pl\/wp-content\/uploads\/2025\/09\/signal-2025-09-22-123608-300x226.jpeg 300w, https:\/\/medyk.wroclaw.dolnyslask.pl\/wp-content\/uploads\/2025\/09\/signal-2025-09-22-123608-768x578.jpeg 768w, https:\/\/medyk.wroclaw.dolnyslask.pl\/wp-content\/uploads\/2025\/09\/signal-2025-09-22-123608-1536x1157.jpeg 1536w, https:\/\/medyk.wroclaw.dolnyslask.pl\/wp-content\/uploads\/2025\/09\/signal-2025-09-22-123608.jpeg 1600w\" sizes=\"auto, (max-width: 1024px) 100vw, 1024px\" \/><\/p>\n<p>&nbsp;<\/p>\n","protected":false},"excerpt":{"rendered":"<p>Czy widzieli\u015bcie ju\u017c nasz p\u0142ot przed szko\u0142\u0105? Widniej\u0105 na nim loga naszych kierunk\u00f3w \ud83d\ude42\u00a0 Zach\u0119camy do robienia sobie przy nich zdj\u0119\u0107 i oznaczania nas w SocialMediach! Nie da si\u0119 przej\u015b\u0107 [&hellip;]<\/p>\n","protected":false},"author":26,"featured_media":0,"comment_status":"closed","ping_status":"closed","sticky":false,"template":"","format":"standard","meta":{"footnotes":""},"categories":[1],"tags":[],"class_list":["post-11371","post","type-post","status-publish","format-standard","hentry","category-aktualnosci","clearfix"],"_links":{"self":[{"href":"https:\/\/medyk.wroclaw.dolnyslask.pl\/index.php\/wp-json\/wp\/v2\/posts\/11371","targetHints":{"allow":["GET"]}}],"collection":[{"href":"https:\/\/medyk.wroclaw.dolnyslask.pl\/index.php\/wp-json\/wp\/v2\/posts"}],"about":[{"href":"https:\/\/medyk.wroclaw.dolnyslask.pl\/index.php\/wp-json\/wp\/v2\/types\/post"}],"author":[{"embeddable":true,"href":"https:\/\/medyk.wroclaw.dolnyslask.pl\/index.php\/wp-json\/wp\/v2\/users\/26"}],"replies":[{"embeddable":true,"href":"https:\/\/medyk.wroclaw.dolnyslask.pl\/index.php\/wp-json\/wp\/v2\/comments?post=11371"}],"version-history":[{"count":2,"href":"https:\/\/medyk.wroclaw.dolnyslask.pl\/index.php\/wp-json\/wp\/v2\/posts\/11371\/revisions"}],"predecessor-version":[{"id":11383,"href":"https:\/\/medyk.wroclaw.dolnyslask.pl\/index.php\/wp-json\/wp\/v2\/posts\/11371\/revisions\/11383"}],"wp:attachment":[{"href":"https:\/\/medyk.wroclaw.dolnyslask.pl\/index.php\/wp-json\/wp\/v2\/media?parent=11371"}],"wp:term":[{"taxonomy":"category","embeddable":true,"href":"https:\/\/medyk.wroclaw.dolnyslask.pl\/index.php\/wp-json\/wp\/v2\/categories?post=11371"},{"taxonomy":"post_tag","embeddable":true,"href":"https:\/\/medyk.wroclaw.dolnyslask.pl\/index.php\/wp-json\/wp\/v2\/tags?post=11371"}],"curies":[{"name":"wp","href":"https:\/\/api.w.org\/{rel}","templated":true}]}}