{"id":11875,"date":"2026-01-29T19:08:09","date_gmt":"2026-01-29T18:08:09","guid":{"rendered":"https:\/\/medyk.wroclaw.dolnyslask.pl\/?p=11875"},"modified":"2026-01-29T19:08:09","modified_gmt":"2026-01-29T18:08:09","slug":"23-luty-ogolnopolski-dzien-walki-z-depresja","status":"publish","type":"post","link":"https:\/\/medyk.wroclaw.dolnyslask.pl\/index.php\/23-luty-ogolnopolski-dzien-walki-z-depresja\/2026\/01\/29\/ppowilan\/","title":{"rendered":"23 LUTY &#8211; OG\u00d3LNOPOLSKI DZIE\u0143 WALKI Z DEPRESJ\u0104"},"content":{"rendered":"<p><img loading=\"lazy\" decoding=\"async\" class=\"alignnone  wp-image-11881\" src=\"https:\/\/medyk.wroclaw.dolnyslask.pl\/wp-content\/uploads\/2026\/01\/signal-2026-01-29-181010_007-1024x674.jpeg\" alt=\"\" width=\"1567\" height=\"1031\" srcset=\"https:\/\/medyk.wroclaw.dolnyslask.pl\/wp-content\/uploads\/2026\/01\/signal-2026-01-29-181010_007-1024x674.jpeg 1024w, https:\/\/medyk.wroclaw.dolnyslask.pl\/wp-content\/uploads\/2026\/01\/signal-2026-01-29-181010_007-300x197.jpeg 300w, https:\/\/medyk.wroclaw.dolnyslask.pl\/wp-content\/uploads\/2026\/01\/signal-2026-01-29-181010_007-768x505.jpeg 768w, https:\/\/medyk.wroclaw.dolnyslask.pl\/wp-content\/uploads\/2026\/01\/signal-2026-01-29-181010_007.jpeg 1400w\" sizes=\"auto, (max-width: 1567px) 100vw, 1567px\" \/><\/p>\n<hr \/>\n<div style=\"width: 480px;\" class=\"wp-video\"><video class=\"wp-video-shortcode\" id=\"video-11875-1\" width=\"480\" height=\"848\" preload=\"metadata\" controls=\"controls\"><source type=\"video\/mp4\" src=\"https:\/\/medyk.wroclaw.dolnyslask.pl\/wp-content\/uploads\/2026\/01\/signal-2026-01-29-181010_006.mp4?_=1\" \/><a href=\"https:\/\/medyk.wroclaw.dolnyslask.pl\/wp-content\/uploads\/2026\/01\/signal-2026-01-29-181010_006.mp4\">https:\/\/medyk.wroclaw.dolnyslask.pl\/wp-content\/uploads\/2026\/01\/signal-2026-01-29-181010_006.mp4<\/a><\/video><\/div>\n","protected":false},"excerpt":{"rendered":"https:\/\/medyk.wroclaw.dolnyslask.pl\/wp-content\/uploads\/2026\/01\/signal-2026-01-29-181010_006.mp4","protected":false},"author":26,"featured_media":0,"comment_status":"closed","ping_status":"closed","sticky":false,"template":"","format":"standard","meta":{"footnotes":""},"categories":[1],"tags":[],"class_list":["post-11875","post","type-post","status-publish","format-standard","hentry","category-aktualnosci","clearfix"],"_links":{"self":[{"href":"https:\/\/medyk.wroclaw.dolnyslask.pl\/index.php\/wp-json\/wp\/v2\/posts\/11875","targetHints":{"allow":["GET"]}}],"collection":[{"href":"https:\/\/medyk.wroclaw.dolnyslask.pl\/index.php\/wp-json\/wp\/v2\/posts"}],"about":[{"href":"https:\/\/medyk.wroclaw.dolnyslask.pl\/index.php\/wp-json\/wp\/v2\/types\/post"}],"author":[{"embeddable":true,"href":"https:\/\/medyk.wroclaw.dolnyslask.pl\/index.php\/wp-json\/wp\/v2\/users\/26"}],"replies":[{"embeddable":true,"href":"https:\/\/medyk.wroclaw.dolnyslask.pl\/index.php\/wp-json\/wp\/v2\/comments?post=11875"}],"version-history":[{"count":1,"href":"https:\/\/medyk.wroclaw.dolnyslask.pl\/index.php\/wp-json\/wp\/v2\/posts\/11875\/revisions"}],"predecessor-version":[{"id":11884,"href":"https:\/\/medyk.wroclaw.dolnyslask.pl\/index.php\/wp-json\/wp\/v2\/posts\/11875\/revisions\/11884"}],"wp:attachment":[{"href":"https:\/\/medyk.wroclaw.dolnyslask.pl\/index.php\/wp-json\/wp\/v2\/media?parent=11875"}],"wp:term":[{"taxonomy":"category","embeddable":true,"href":"https:\/\/medyk.wroclaw.dolnyslask.pl\/index.php\/wp-json\/wp\/v2\/categories?post=11875"},{"taxonomy":"post_tag","embeddable":true,"href":"https:\/\/medyk.wroclaw.dolnyslask.pl\/index.php\/wp-json\/wp\/v2\/tags?post=11875"}],"curies":[{"name":"wp","href":"https:\/\/api.w.org\/{rel}","templated":true}]}}