{"id":2207,"date":"2022-05-10T17:49:31","date_gmt":"2022-05-10T15:49:31","guid":{"rendered":"http:\/\/medyk.wroclaw.dolnyslask.pl\/?p=2207"},"modified":"2022-08-02T10:30:01","modified_gmt":"2022-08-02T08:30:01","slug":"darmowe-webinary-od-10-05-2022-do-24-05-2022","status":"publish","type":"post","link":"https:\/\/medyk.wroclaw.dolnyslask.pl\/index.php\/darmowe-webinary-od-10-05-2022-do-24-05-2022\/2022\/05\/10\/agrzegorczyk\/","title":{"rendered":"DARMOWE WEBINARY OD 10.05.2022 DO 24.05.2022"},"content":{"rendered":"<p>WEBINARY S\u0104 PROWADZONE PRZEZ SIE\u0106 APTEK GEMINI<\/p>\n<ol>\n<li>Udzia\u0142 w projekcie jest ca\u0142kowicie darmowy<\/li>\n<li>W ka\u017cdym webinarze mo\u017ce uczestniczy\u0107 nie wi\u0119cej ni\u017c 200 os\u00f3b<\/li>\n<li>Poni\u017cej znajduj\u0105 si\u0119 terminy oraz linki do wydarze\u0144. Po wej\u015bciu w dany link, uczestnicy zostan\u0105 przekierowani do formularza rejestracyjnego.<\/li>\n<\/ol>\n<p><!--more--><\/p>\n<p style=\"text-align: left;\"><a href=\"http:\/\/medyk.wroclaw.dolnyslask.pl\/wp-content\/uploads\/2022\/05\/Vademecum-Technika-III_agenda-webinarow.pdf\">Vademecum Technika III_agenda webinar\u00f3w<\/a><\/p>\n<div id='pe-gallery-1' class='pe-gallery pe-gallery-2207 columns-2 img-size-large'><div class='pe-row'><div class='col-md-6'><figure tabindex='0' class='pe-gallery-item pe-gallery-modal' data-mfp-src='#modal-gallery-1-2366'><div class='pe-gallery-image landscape'>\n\t\t\t\t\t\t\t<img loading=\"lazy\" decoding=\"async\" width=\"736\" height=\"415\" src=\"https:\/\/medyk.wroclaw.dolnyslask.pl\/wp-content\/uploads\/2022\/05\/alergia.jpg\" class=\"attachment-large size-large\" alt=\"\" data-no-retina=\"\" srcset=\"https:\/\/medyk.wroclaw.dolnyslask.pl\/wp-content\/uploads\/2022\/05\/alergia.jpg 736w, https:\/\/medyk.wroclaw.dolnyslask.pl\/wp-content\/uploads\/2022\/05\/alergia-300x169.jpg 300w\" sizes=\"auto, (max-width: 736px) 100vw, 736px\" \/>\n\t\t\t\t\t\t<\/div><\/figure><div id='modal-gallery-1-2366' class='mfp-modal-content mfp-hide' tabindex='-1' role='dialog' aria-labelledby='gallery-1-2366' style='max-width: 736px;><h4 id='gallery-1-2366'>30<\/h4><div class='pe-gallery-full-image'><img loading=\"lazy\" decoding=\"async\" width=\"736\" height=\"415\" src=\"https:\/\/medyk.wroclaw.dolnyslask.pl\/wp-content\/uploads\/2022\/05\/alergia.jpg\" class=\"attachment-full size-full\" alt=\"\" data-no-retina=\"\" srcset=\"https:\/\/medyk.wroclaw.dolnyslask.pl\/wp-content\/uploads\/2022\/05\/alergia.jpg 736w, https:\/\/medyk.wroclaw.dolnyslask.pl\/wp-content\/uploads\/2022\/05\/alergia-300x169.jpg 300w\" sizes=\"auto, (max-width: 736px) 100vw, 736px\" \/><\/div><p><\/p><\/div><\/div><div class='col-md-6'><figure tabindex='0' class='pe-gallery-item pe-gallery-modal' data-mfp-src='#modal-gallery-1-2360'><div class='pe-gallery-image landscape'>\n\t\t\t\t\t\t\t<img loading=\"lazy\" decoding=\"async\" width=\"736\" height=\"416\" src=\"https:\/\/medyk.wroclaw.dolnyslask.pl\/wp-content\/uploads\/2022\/05\/krazenie.jpg\" class=\"attachment-large size-large\" alt=\"\" data-no-retina=\"\" srcset=\"https:\/\/medyk.wroclaw.dolnyslask.pl\/wp-content\/uploads\/2022\/05\/krazenie.jpg 736w, https:\/\/medyk.wroclaw.dolnyslask.pl\/wp-content\/uploads\/2022\/05\/krazenie-300x170.jpg 300w\" sizes=\"auto, (max-width: 736px) 100vw, 736px\" \/>\n\t\t\t\t\t\t<\/div><\/figure><div id='modal-gallery-1-2360' class='mfp-modal-content mfp-hide' tabindex='-1' role='dialog' aria-labelledby='gallery-1-2360' style='max-width: 736px;><h4 id='gallery-1-2360'>29<\/h4><div class='pe-gallery-full-image'><img loading=\"lazy\" decoding=\"async\" width=\"736\" height=\"416\" src=\"https:\/\/medyk.wroclaw.dolnyslask.pl\/wp-content\/uploads\/2022\/05\/krazenie.jpg\" class=\"attachment-full size-full\" alt=\"\" data-no-retina=\"\" srcset=\"https:\/\/medyk.wroclaw.dolnyslask.pl\/wp-content\/uploads\/2022\/05\/krazenie.jpg 736w, https:\/\/medyk.wroclaw.dolnyslask.pl\/wp-content\/uploads\/2022\/05\/krazenie-300x170.jpg 300w\" sizes=\"auto, (max-width: 736px) 100vw, 736px\" \/><\/div><p><\/p><\/div><\/div><\/div><\/div>\n\n<p>&nbsp;<\/p>\n<h2>Wydarzenia:<\/h2>\n<p>10.05.2022r godz. 18:00 &#8211; <a href=\"https:\/\/teams.microsoft.com\/registration\/gjSEhZuL2Ueitk-jOMA5Uw,0s3nG-aVxkaNOpg9HSb_kA,N4Qm_kCEEkmEkcwEIxiizg,ke5weg97k0WBcktBV3-zHg,hu5uCyP0k0yZJufr6PMxvQ,n70NaOG500aQs5UxM-OFoA?mode=read&amp;tenantId=85843482-8b9b-47d9-a2b6-4fa338c03953\" target=\"_blank\" rel=\"noopener\">Vademecum Technika co powinni\u015bmy wiedzie\u0107 o alergii?<\/a><\/p>\n<p>12.05.2022r godz. 18:00 &#8211; <a href=\"https:\/\/teams.microsoft.com\/registration\/gjSEhZuL2Ueitk-jOMA5Uw,a9a4AOve00aWK5-umABIUQ,wAnU1kj9hUCFc0Dek0t_ZA,0benwXYThEqRciIL-PSRiQ,hS-e2wDE3UakF6p6V9roDA,ZhDFtsk6tUOJHLwbV70SJw?mode=read&amp;tenantId=85843482-8b9b-47d9-a2b6-4fa338c03953\" target=\"_blank\" rel=\"noopener\">Vademecum Technika choroby uk\u0142adu kr\u0105\u017cenia Cz\u0119\u015b\u0107 I\u2013 zakrzepica<\/a><\/p>\n<p>19.05.2022r godz. 18:00 &#8211; <a href=\"https:\/\/teams.microsoft.com\/registration\/gjSEhZuL2Ueitk-jOMA5Uw,0Z_ccRhe-UaoSitmp5-Dug,5wSoLJ4K0ES4CL-zLsy2mQ,7y_uYJIh9U6hLC0ZK3Sitw,lCbrztbdSkOdk8oh-5X0Wg,ryqyEIUQUkS8tVcX5H-2Fg?mode=read&amp;tenantId=85843482-8b9b-47d9-a2b6-4fa338c03953\" target=\"_blank\" rel=\"noopener\">Vademecum Technika co powinni\u015bmy wiedzie\u0107 o alergii?<\/a><\/p>\n<p>24.05.2022r godz. 18:00 &#8211; <a href=\"https:\/\/teams.microsoft.com\/registration\/gjSEhZuL2Ueitk-jOMA5Uw,edHIIFN170eBnEKHOuDykA,cLhQC-2lnUiJgaRhB_l__A,aZm2nt3WM0uu7vZ_b6cpnA,OKwSJd02s0iA_ovEwrUiPQ,HRBejIHbc0iwi2OtFRFRDQ?mode=read&amp;tenantId=85843482-8b9b-47d9-a2b6-4fa338c03953\" target=\"_blank\" rel=\"noopener\">Vademecum Technika choroby uk\u0142adu kr\u0105\u017cenia Cz\u0119\u015b\u0107 I\u2013 zakrzepica<\/a><\/p>\n","protected":false},"excerpt":{"rendered":"<p>WEBINARY S\u0104 PROWADZONE PRZEZ SIE\u0106 APTEK GEMINI Udzia\u0142 w projekcie jest ca\u0142kowicie darmowy W ka\u017cdym webinarze mo\u017ce uczestniczy\u0107 nie wi\u0119cej ni\u017c 200 os\u00f3b Poni\u017cej znajduj\u0105 si\u0119 terminy oraz linki do [&hellip;]<\/p>\n","protected":false},"author":17,"featured_media":0,"comment_status":"open","ping_status":"open","sticky":false,"template":"","format":"standard","meta":{"footnotes":""},"categories":[1],"tags":[],"class_list":["post-2207","post","type-post","status-publish","format-standard","hentry","category-aktualnosci","clearfix"],"_links":{"self":[{"href":"https:\/\/medyk.wroclaw.dolnyslask.pl\/index.php\/wp-json\/wp\/v2\/posts\/2207","targetHints":{"allow":["GET"]}}],"collection":[{"href":"https:\/\/medyk.wroclaw.dolnyslask.pl\/index.php\/wp-json\/wp\/v2\/posts"}],"about":[{"href":"https:\/\/medyk.wroclaw.dolnyslask.pl\/index.php\/wp-json\/wp\/v2\/types\/post"}],"author":[{"embeddable":true,"href":"https:\/\/medyk.wroclaw.dolnyslask.pl\/index.php\/wp-json\/wp\/v2\/users\/17"}],"replies":[{"embeddable":true,"href":"https:\/\/medyk.wroclaw.dolnyslask.pl\/index.php\/wp-json\/wp\/v2\/comments?post=2207"}],"version-history":[{"count":35,"href":"https:\/\/medyk.wroclaw.dolnyslask.pl\/index.php\/wp-json\/wp\/v2\/posts\/2207\/revisions"}],"predecessor-version":[{"id":3245,"href":"https:\/\/medyk.wroclaw.dolnyslask.pl\/index.php\/wp-json\/wp\/v2\/posts\/2207\/revisions\/3245"}],"wp:attachment":[{"href":"https:\/\/medyk.wroclaw.dolnyslask.pl\/index.php\/wp-json\/wp\/v2\/media?parent=2207"}],"wp:term":[{"taxonomy":"category","embeddable":true,"href":"https:\/\/medyk.wroclaw.dolnyslask.pl\/index.php\/wp-json\/wp\/v2\/categories?post=2207"},{"taxonomy":"post_tag","embeddable":true,"href":"https:\/\/medyk.wroclaw.dolnyslask.pl\/index.php\/wp-json\/wp\/v2\/tags?post=2207"}],"curies":[{"name":"wp","href":"https:\/\/api.w.org\/{rel}","templated":true}]}}