{"id":3932,"date":"2022-08-12T00:23:12","date_gmt":"2022-08-11T22:23:12","guid":{"rendered":"http:\/\/medyk.wroclaw.dolnyslask.pl\/?p=3932"},"modified":"2022-08-12T00:26:25","modified_gmt":"2022-08-11T22:26:25","slug":"promocja-szkoly-dworzec-glowny-pkp","status":"publish","type":"post","link":"https:\/\/medyk.wroclaw.dolnyslask.pl\/index.php\/promocja-szkoly-dworzec-glowny-pkp\/2022\/08\/12\/ppowilan\/","title":{"rendered":"Promocja szko\u0142y &#8211; Dworzec G\u0142\u00f3wny PKP"},"content":{"rendered":"<p>Na jednym z peron\u00f3w, na Dworcu G\u0142\u00f3wnym PKP we Wroc\u0142awiu, mo\u017cna znale\u017a\u0107 plakat promuj\u0105cy nasz\u0105 szko\u0142\u0119!<\/p>\n<p>Czy ju\u017c go widzieli\u015bcie? Mamy nadziej\u0119 \u017ce tak! A dla tych co jeszcze nie mieli okazji go zobaczy\u0107 &#8211; poni\u017cej zdj\u0119cia.<\/p>\n<p><img loading=\"lazy\" decoding=\"async\" class=\"wp-image-3935 aligncenter\" src=\"http:\/\/medyk.wroclaw.dolnyslask.pl\/wp-content\/uploads\/2022\/08\/1654143421987-300x225.jpg\" alt=\"\" width=\"600\" height=\"450\" srcset=\"https:\/\/medyk.wroclaw.dolnyslask.pl\/wp-content\/uploads\/2022\/08\/1654143421987-300x225.jpg 300w, https:\/\/medyk.wroclaw.dolnyslask.pl\/wp-content\/uploads\/2022\/08\/1654143421987-1024x768.jpg 1024w, https:\/\/medyk.wroclaw.dolnyslask.pl\/wp-content\/uploads\/2022\/08\/1654143421987-768x576.jpg 768w, https:\/\/medyk.wroclaw.dolnyslask.pl\/wp-content\/uploads\/2022\/08\/1654143421987-1536x1152.jpg 1536w, https:\/\/medyk.wroclaw.dolnyslask.pl\/wp-content\/uploads\/2022\/08\/1654143421987.jpg 1600w\" sizes=\"auto, (max-width: 600px) 100vw, 600px\" \/>\u00a0 <img loading=\"lazy\" decoding=\"async\" class=\"wp-image-3938 aligncenter\" src=\"http:\/\/medyk.wroclaw.dolnyslask.pl\/wp-content\/uploads\/2022\/08\/1654143421994-300x225.jpg\" alt=\"\" width=\"599\" height=\"449\" srcset=\"https:\/\/medyk.wroclaw.dolnyslask.pl\/wp-content\/uploads\/2022\/08\/1654143421994-300x225.jpg 300w, https:\/\/medyk.wroclaw.dolnyslask.pl\/wp-content\/uploads\/2022\/08\/1654143421994-1024x768.jpg 1024w, https:\/\/medyk.wroclaw.dolnyslask.pl\/wp-content\/uploads\/2022\/08\/1654143421994-768x576.jpg 768w, https:\/\/medyk.wroclaw.dolnyslask.pl\/wp-content\/uploads\/2022\/08\/1654143421994-1536x1152.jpg 1536w, https:\/\/medyk.wroclaw.dolnyslask.pl\/wp-content\/uploads\/2022\/08\/1654143421994.jpg 1600w\" sizes=\"auto, (max-width: 599px) 100vw, 599px\" \/><\/p>\n","protected":false},"excerpt":{"rendered":"<p>Na jednym z peron\u00f3w, na Dworcu G\u0142\u00f3wnym PKP we Wroc\u0142awiu, mo\u017cna znale\u017a\u0107 plakat promuj\u0105cy nasz\u0105 szko\u0142\u0119! Czy ju\u017c go widzieli\u015bcie? Mamy nadziej\u0119 \u017ce tak! A dla tych co jeszcze nie [&hellip;]<\/p>\n","protected":false},"author":26,"featured_media":0,"comment_status":"open","ping_status":"open","sticky":false,"template":"","format":"standard","meta":{"footnotes":""},"categories":[1],"tags":[],"class_list":["post-3932","post","type-post","status-publish","format-standard","hentry","category-aktualnosci","clearfix"],"_links":{"self":[{"href":"https:\/\/medyk.wroclaw.dolnyslask.pl\/index.php\/wp-json\/wp\/v2\/posts\/3932","targetHints":{"allow":["GET"]}}],"collection":[{"href":"https:\/\/medyk.wroclaw.dolnyslask.pl\/index.php\/wp-json\/wp\/v2\/posts"}],"about":[{"href":"https:\/\/medyk.wroclaw.dolnyslask.pl\/index.php\/wp-json\/wp\/v2\/types\/post"}],"author":[{"embeddable":true,"href":"https:\/\/medyk.wroclaw.dolnyslask.pl\/index.php\/wp-json\/wp\/v2\/users\/26"}],"replies":[{"embeddable":true,"href":"https:\/\/medyk.wroclaw.dolnyslask.pl\/index.php\/wp-json\/wp\/v2\/comments?post=3932"}],"version-history":[{"count":3,"href":"https:\/\/medyk.wroclaw.dolnyslask.pl\/index.php\/wp-json\/wp\/v2\/posts\/3932\/revisions"}],"predecessor-version":[{"id":3947,"href":"https:\/\/medyk.wroclaw.dolnyslask.pl\/index.php\/wp-json\/wp\/v2\/posts\/3932\/revisions\/3947"}],"wp:attachment":[{"href":"https:\/\/medyk.wroclaw.dolnyslask.pl\/index.php\/wp-json\/wp\/v2\/media?parent=3932"}],"wp:term":[{"taxonomy":"category","embeddable":true,"href":"https:\/\/medyk.wroclaw.dolnyslask.pl\/index.php\/wp-json\/wp\/v2\/categories?post=3932"},{"taxonomy":"post_tag","embeddable":true,"href":"https:\/\/medyk.wroclaw.dolnyslask.pl\/index.php\/wp-json\/wp\/v2\/tags?post=3932"}],"curies":[{"name":"wp","href":"https:\/\/api.w.org\/{rel}","templated":true}]}}