{"id":4296,"date":"2022-10-06T20:51:47","date_gmt":"2022-10-06T18:51:47","guid":{"rendered":"http:\/\/medyk.wroclaw.dolnyslask.pl\/?p=4296"},"modified":"2022-10-06T20:52:33","modified_gmt":"2022-10-06T18:52:33","slug":"dyplom-doktora-nauk-medycznych-i-nauk-o-zdrowiu-dla-pani-ewa-wrobel-wicedyrektor-szkoly","status":"publish","type":"post","link":"https:\/\/medyk.wroclaw.dolnyslask.pl\/index.php\/dyplom-doktora-nauk-medycznych-i-nauk-o-zdrowiu-dla-pani-ewa-wrobel-wicedyrektor-szkoly\/2022\/10\/06\/ppowilan\/","title":{"rendered":"Dyplom doktora nauk medycznych i nauk o zdrowiu dla Pani Ewy Wr\u00f3bel &#8211; Wicedyrektor Szko\u0142y."},"content":{"rendered":"<p><img loading=\"lazy\" decoding=\"async\" class=\" wp-image-4302 alignleft\" src=\"http:\/\/medyk.wroclaw.dolnyslask.pl\/wp-content\/uploads\/2022\/10\/IMG_5965-225x300.jpg\" alt=\"\" width=\"307\" height=\"409\" srcset=\"https:\/\/medyk.wroclaw.dolnyslask.pl\/wp-content\/uploads\/2022\/10\/IMG_5965-225x300.jpg 225w, https:\/\/medyk.wroclaw.dolnyslask.pl\/wp-content\/uploads\/2022\/10\/IMG_5965-768x1024.jpg 768w, https:\/\/medyk.wroclaw.dolnyslask.pl\/wp-content\/uploads\/2022\/10\/IMG_5965-1152x1536.jpg 1152w, https:\/\/medyk.wroclaw.dolnyslask.pl\/wp-content\/uploads\/2022\/10\/IMG_5965-1536x2048.jpg 1536w, https:\/\/medyk.wroclaw.dolnyslask.pl\/wp-content\/uploads\/2022\/10\/IMG_5965-scaled.jpg 1920w\" sizes=\"auto, (max-width: 307px) 100vw, 307px\" \/><\/p>\n<p><span style=\"font-size: 12.0pt;\">\u00a0W dniu 13.09.2022r. w Auli Leopoldina Uniwersytetu Wroc\u0142awskiego odby\u0142o si\u0119 uroczyste wr\u0119czenie promocji doktorskich. Dyplom doktora nauk medycznych i nauk o zdrowiu otrzym<\/span><span style=\"font-size: 12.0pt;\">a\u0142a Pani Ewa Wr\u00f3bel &#8211; Wicedyrektor Szko\u0142y. <\/span><span style=\"text-decoration: solid #006fc9;\"><span style=\"font-size: 12.0pt;\">Rozprawa doktorska Pani Wr\u00f3bel dotyczy\u0142a ochrony radiologicznej pacjent\u00f3w i personelu medycznego.<\/span><\/span><\/p>\n<p><strong><span style=\"text-decoration: solid #006fc9;\"><span style=\"font-size: 12.0pt; color: #006fc9;\">Sk\u0142adamy serdeczne gratulacje i \u017cyczymy dalszych sukces\u00f3w.<\/span><\/span><\/strong><\/p>\n","protected":false},"excerpt":{"rendered":"<p>\u00a0W dniu 13.09.2022r. w Auli Leopoldina Uniwersytetu Wroc\u0142awskiego odby\u0142o si\u0119 uroczyste wr\u0119czenie promocji doktorskich. Dyplom doktora nauk medycznych i nauk o zdrowiu otrzyma\u0142a Pani Ewa Wr\u00f3bel &#8211; Wicedyrektor Szko\u0142y. Rozprawa [&hellip;]<\/p>\n","protected":false},"author":26,"featured_media":0,"comment_status":"open","ping_status":"open","sticky":false,"template":"","format":"standard","meta":{"footnotes":""},"categories":[1],"tags":[],"class_list":["post-4296","post","type-post","status-publish","format-standard","hentry","category-aktualnosci","clearfix"],"_links":{"self":[{"href":"https:\/\/medyk.wroclaw.dolnyslask.pl\/index.php\/wp-json\/wp\/v2\/posts\/4296","targetHints":{"allow":["GET"]}}],"collection":[{"href":"https:\/\/medyk.wroclaw.dolnyslask.pl\/index.php\/wp-json\/wp\/v2\/posts"}],"about":[{"href":"https:\/\/medyk.wroclaw.dolnyslask.pl\/index.php\/wp-json\/wp\/v2\/types\/post"}],"author":[{"embeddable":true,"href":"https:\/\/medyk.wroclaw.dolnyslask.pl\/index.php\/wp-json\/wp\/v2\/users\/26"}],"replies":[{"embeddable":true,"href":"https:\/\/medyk.wroclaw.dolnyslask.pl\/index.php\/wp-json\/wp\/v2\/comments?post=4296"}],"version-history":[{"count":2,"href":"https:\/\/medyk.wroclaw.dolnyslask.pl\/index.php\/wp-json\/wp\/v2\/posts\/4296\/revisions"}],"predecessor-version":[{"id":4308,"href":"https:\/\/medyk.wroclaw.dolnyslask.pl\/index.php\/wp-json\/wp\/v2\/posts\/4296\/revisions\/4308"}],"wp:attachment":[{"href":"https:\/\/medyk.wroclaw.dolnyslask.pl\/index.php\/wp-json\/wp\/v2\/media?parent=4296"}],"wp:term":[{"taxonomy":"category","embeddable":true,"href":"https:\/\/medyk.wroclaw.dolnyslask.pl\/index.php\/wp-json\/wp\/v2\/categories?post=4296"},{"taxonomy":"post_tag","embeddable":true,"href":"https:\/\/medyk.wroclaw.dolnyslask.pl\/index.php\/wp-json\/wp\/v2\/tags?post=4296"}],"curies":[{"name":"wp","href":"https:\/\/api.w.org\/{rel}","templated":true}]}}