{"id":4392,"date":"2022-10-07T00:09:43","date_gmt":"2022-10-06T22:09:43","guid":{"rendered":"http:\/\/medyk.wroclaw.dolnyslask.pl\/?p=4392"},"modified":"2022-10-07T00:09:43","modified_gmt":"2022-10-06T22:09:43","slug":"konkurs-fotograficzny-dspm","status":"publish","type":"post","link":"https:\/\/medyk.wroclaw.dolnyslask.pl\/index.php\/konkurs-fotograficzny-dspm\/2022\/10\/07\/ppowilan\/","title":{"rendered":"Konkurs Fotograficzny DSPM"},"content":{"rendered":"<p><img loading=\"lazy\" decoding=\"async\" class=\"wp-image-4395 alignright\" src=\"http:\/\/medyk.wroclaw.dolnyslask.pl\/wp-content\/uploads\/2022\/10\/310968655_786107262502382_3851057636331155524_n-240x300.jpg\" alt=\"\" width=\"466\" height=\"583\" srcset=\"https:\/\/medyk.wroclaw.dolnyslask.pl\/wp-content\/uploads\/2022\/10\/310968655_786107262502382_3851057636331155524_n-240x300.jpg 240w, https:\/\/medyk.wroclaw.dolnyslask.pl\/wp-content\/uploads\/2022\/10\/310968655_786107262502382_3851057636331155524_n-819x1024.jpg 819w, https:\/\/medyk.wroclaw.dolnyslask.pl\/wp-content\/uploads\/2022\/10\/310968655_786107262502382_3851057636331155524_n-768x960.jpg 768w, https:\/\/medyk.wroclaw.dolnyslask.pl\/wp-content\/uploads\/2022\/10\/310968655_786107262502382_3851057636331155524_n.jpg 973w\" sizes=\"auto, (max-width: 466px) 100vw, 466px\" \/> <strong>Ka\u017cdy miesi\u0105c w roku ma co\u015b w sobie! Wystarczy to dostrzec, a jak si\u0119 uda &#8211; uchwyci\u0107.<\/strong><\/p>\n<p>Zach\u0119camy do udzia\u0142u w szkolnym konkursie fotograficznym. Ka\u017cda z prac konkursowych zostanie umieszczona w stworzonej na t\u0105 okazj\u0119 galerii, aby nast\u0119pnie jurorzy (nie zdradzamy na razie kto) mogli wybra\u0107 t\u0105, kt\u00f3ra najbardziej oddaje ducha konkursu.<\/p>\n<p style=\"text-align: center;\"><strong>Najwa\u017cniejsze informacje<\/strong><\/p>\n<ul>\n<li style=\"text-align: left;\"><strong>Czas na z\u0142o\u017cenie pracy<\/strong> &#8211; 25.11.2022<\/li>\n<li style=\"text-align: left;\"><strong>Miejsce z\u0142o\u017cenia pracy<\/strong> &#8211; Biblioteka Szkolne (3 pi\u0119tro)<\/li>\n<li style=\"text-align: left;\"><strong>Format<\/strong> &#8211; wydruk A5 w kolorze na grubszym\/sztywniejszym arkuszu (np. gramatura 100-120 g\/m2)<\/li>\n<\/ul>\n<p style=\"text-align: center;\"><strong>&#8211;SERDECZNIE ZAPRASZAMY DO UDZIA\u0141U W KONKURSIE&#8211;<\/strong><\/p>\n<p>&nbsp;<\/p>\n","protected":false},"excerpt":{"rendered":"<p>Ka\u017cdy miesi\u0105c w roku ma co\u015b w sobie! Wystarczy to dostrzec, a jak si\u0119 uda &#8211; uchwyci\u0107. Zach\u0119camy do udzia\u0142u w szkolnym konkursie fotograficznym. Ka\u017cda z prac konkursowych zostanie umieszczona [&hellip;]<\/p>\n","protected":false},"author":26,"featured_media":0,"comment_status":"open","ping_status":"open","sticky":false,"template":"","format":"standard","meta":{"footnotes":""},"categories":[1],"tags":[],"class_list":["post-4392","post","type-post","status-publish","format-standard","hentry","category-aktualnosci","clearfix"],"_links":{"self":[{"href":"https:\/\/medyk.wroclaw.dolnyslask.pl\/index.php\/wp-json\/wp\/v2\/posts\/4392","targetHints":{"allow":["GET"]}}],"collection":[{"href":"https:\/\/medyk.wroclaw.dolnyslask.pl\/index.php\/wp-json\/wp\/v2\/posts"}],"about":[{"href":"https:\/\/medyk.wroclaw.dolnyslask.pl\/index.php\/wp-json\/wp\/v2\/types\/post"}],"author":[{"embeddable":true,"href":"https:\/\/medyk.wroclaw.dolnyslask.pl\/index.php\/wp-json\/wp\/v2\/users\/26"}],"replies":[{"embeddable":true,"href":"https:\/\/medyk.wroclaw.dolnyslask.pl\/index.php\/wp-json\/wp\/v2\/comments?post=4392"}],"version-history":[{"count":5,"href":"https:\/\/medyk.wroclaw.dolnyslask.pl\/index.php\/wp-json\/wp\/v2\/posts\/4392\/revisions"}],"predecessor-version":[{"id":4410,"href":"https:\/\/medyk.wroclaw.dolnyslask.pl\/index.php\/wp-json\/wp\/v2\/posts\/4392\/revisions\/4410"}],"wp:attachment":[{"href":"https:\/\/medyk.wroclaw.dolnyslask.pl\/index.php\/wp-json\/wp\/v2\/media?parent=4392"}],"wp:term":[{"taxonomy":"category","embeddable":true,"href":"https:\/\/medyk.wroclaw.dolnyslask.pl\/index.php\/wp-json\/wp\/v2\/categories?post=4392"},{"taxonomy":"post_tag","embeddable":true,"href":"https:\/\/medyk.wroclaw.dolnyslask.pl\/index.php\/wp-json\/wp\/v2\/tags?post=4392"}],"curies":[{"name":"wp","href":"https:\/\/api.w.org\/{rel}","templated":true}]}}