{"id":4511,"date":"2022-10-19T17:39:55","date_gmt":"2022-10-19T15:39:55","guid":{"rendered":"http:\/\/medyk.wroclaw.dolnyslask.pl\/?p=4511"},"modified":"2022-10-20T19:02:08","modified_gmt":"2022-10-20T17:02:08","slug":"4511","status":"publish","type":"post","link":"https:\/\/medyk.wroclaw.dolnyslask.pl\/index.php\/4511\/2022\/10\/19\/ppowilan\/","title":{"rendered":"Remont Auli Szkolnej"},"content":{"rendered":"<p><strong><img loading=\"lazy\" decoding=\"async\" class=\"wp-image-4499 alignleft\" src=\"http:\/\/medyk.wroclaw.dolnyslask.pl\/wp-content\/uploads\/2022\/10\/IMG_20221019_131519-225x300.jpg\" alt=\"\" width=\"235\" height=\"313\" srcset=\"https:\/\/medyk.wroclaw.dolnyslask.pl\/wp-content\/uploads\/2022\/10\/IMG_20221019_131519-225x300.jpg 225w, https:\/\/medyk.wroclaw.dolnyslask.pl\/wp-content\/uploads\/2022\/10\/IMG_20221019_131519-768x1024.jpg 768w, https:\/\/medyk.wroclaw.dolnyslask.pl\/wp-content\/uploads\/2022\/10\/IMG_20221019_131519-1152x1536.jpg 1152w, https:\/\/medyk.wroclaw.dolnyslask.pl\/wp-content\/uploads\/2022\/10\/IMG_20221019_131519-1536x2048.jpg 1536w, https:\/\/medyk.wroclaw.dolnyslask.pl\/wp-content\/uploads\/2022\/10\/IMG_20221019_131519-scaled.jpg 1920w\" sizes=\"auto, (max-width: 235px) 100vw, 235px\" \/><img loading=\"lazy\" decoding=\"async\" class=\"wp-image-4502 alignleft\" src=\"http:\/\/medyk.wroclaw.dolnyslask.pl\/wp-content\/uploads\/2022\/10\/IMG_20221019_131523-225x300.jpg\" alt=\"\" width=\"236\" height=\"315\" srcset=\"https:\/\/medyk.wroclaw.dolnyslask.pl\/wp-content\/uploads\/2022\/10\/IMG_20221019_131523-225x300.jpg 225w, https:\/\/medyk.wroclaw.dolnyslask.pl\/wp-content\/uploads\/2022\/10\/IMG_20221019_131523-768x1024.jpg 768w, https:\/\/medyk.wroclaw.dolnyslask.pl\/wp-content\/uploads\/2022\/10\/IMG_20221019_131523-1152x1536.jpg 1152w, https:\/\/medyk.wroclaw.dolnyslask.pl\/wp-content\/uploads\/2022\/10\/IMG_20221019_131523-1536x2048.jpg 1536w, https:\/\/medyk.wroclaw.dolnyslask.pl\/wp-content\/uploads\/2022\/10\/IMG_20221019_131523-scaled.jpg 1920w\" sizes=\"auto, (max-width: 236px) 100vw, 236px\" \/>Remont Auli szkolnej<\/strong><\/p>\n<p>W pa\u017adzierniku rozpocz\u0105\u0142 si\u0119 wielki remont auli szkolnej. Nie spodziewali\u015bmy si\u0119 jednak, \u017ce b\u0119dzie to r\u00f3wnie\u017c swego rodzaju kapsu\u0142a czasu! Pod deskami znajduj\u0105cymi si\u0119 na \u015bcianie, odkryli\u015bmy liczne napisy i obrazki, kt\u00f3re mog\u0105 mie\u0107 ponad 50 lat. Jednak najciekawszym odkryciem by\u0142a gazeta (zachowana w ca\u0142kiem dobrym stanie) z 1972 r. ! Kto z was pami\u0119ta t\u0105 gazet\u0119?<\/p>\n<p>Wi\u0119cej zdj\u0119\u0107 -&gt; <a href=\"http:\/\/medyk.wroclaw.dolnyslask.pl\/index.php\/galeria-2022\/\">FOTOGALERIA 2022<\/a><\/p>\n<p><strong>\u00a0\u00a0\u00a0 <\/strong><strong> \u00a0 \u00a0 \u00a0\u00a0\u00a0 <\/strong><\/p>\n<p>&nbsp;<\/p>\n","protected":false},"excerpt":{"rendered":"<p>Remont Auli szkolnej W pa\u017adzierniku rozpocz\u0105\u0142 si\u0119 wielki remont auli szkolnej. Nie spodziewali\u015bmy si\u0119 jednak, \u017ce b\u0119dzie to r\u00f3wnie\u017c swego rodzaju kapsu\u0142a czasu! Pod deskami znajduj\u0105cymi si\u0119 na \u015bcianie, odkryli\u015bmy [&hellip;]<\/p>\n","protected":false},"author":26,"featured_media":0,"comment_status":"open","ping_status":"open","sticky":false,"template":"","format":"standard","meta":{"footnotes":""},"categories":[1],"tags":[],"class_list":["post-4511","post","type-post","status-publish","format-standard","hentry","category-aktualnosci","clearfix"],"_links":{"self":[{"href":"https:\/\/medyk.wroclaw.dolnyslask.pl\/index.php\/wp-json\/wp\/v2\/posts\/4511","targetHints":{"allow":["GET"]}}],"collection":[{"href":"https:\/\/medyk.wroclaw.dolnyslask.pl\/index.php\/wp-json\/wp\/v2\/posts"}],"about":[{"href":"https:\/\/medyk.wroclaw.dolnyslask.pl\/index.php\/wp-json\/wp\/v2\/types\/post"}],"author":[{"embeddable":true,"href":"https:\/\/medyk.wroclaw.dolnyslask.pl\/index.php\/wp-json\/wp\/v2\/users\/26"}],"replies":[{"embeddable":true,"href":"https:\/\/medyk.wroclaw.dolnyslask.pl\/index.php\/wp-json\/wp\/v2\/comments?post=4511"}],"version-history":[{"count":9,"href":"https:\/\/medyk.wroclaw.dolnyslask.pl\/index.php\/wp-json\/wp\/v2\/posts\/4511\/revisions"}],"predecessor-version":[{"id":4655,"href":"https:\/\/medyk.wroclaw.dolnyslask.pl\/index.php\/wp-json\/wp\/v2\/posts\/4511\/revisions\/4655"}],"wp:attachment":[{"href":"https:\/\/medyk.wroclaw.dolnyslask.pl\/index.php\/wp-json\/wp\/v2\/media?parent=4511"}],"wp:term":[{"taxonomy":"category","embeddable":true,"href":"https:\/\/medyk.wroclaw.dolnyslask.pl\/index.php\/wp-json\/wp\/v2\/categories?post=4511"},{"taxonomy":"post_tag","embeddable":true,"href":"https:\/\/medyk.wroclaw.dolnyslask.pl\/index.php\/wp-json\/wp\/v2\/tags?post=4511"}],"curies":[{"name":"wp","href":"https:\/\/api.w.org\/{rel}","templated":true}]}}