{"id":4628,"date":"2022-10-20T18:55:25","date_gmt":"2022-10-20T16:55:25","guid":{"rendered":"http:\/\/medyk.wroclaw.dolnyslask.pl\/?p=4628"},"modified":"2022-10-20T18:58:04","modified_gmt":"2022-10-20T16:58:04","slug":"immatrykulacja-2022","status":"publish","type":"post","link":"https:\/\/medyk.wroclaw.dolnyslask.pl\/index.php\/immatrykulacja-2022\/2022\/10\/20\/ppowilan\/","title":{"rendered":"IMMATRYKULACJA 2022"},"content":{"rendered":"<p><img loading=\"lazy\" decoding=\"async\" class=\"wp-image-4571 alignleft\" src=\"http:\/\/medyk.wroclaw.dolnyslask.pl\/wp-content\/uploads\/2022\/10\/DSC0033-300x168.jpg\" alt=\"\" width=\"453\" height=\"253\" srcset=\"https:\/\/medyk.wroclaw.dolnyslask.pl\/wp-content\/uploads\/2022\/10\/DSC0033-300x168.jpg 300w, https:\/\/medyk.wroclaw.dolnyslask.pl\/wp-content\/uploads\/2022\/10\/DSC0033-1024x574.jpg 1024w, https:\/\/medyk.wroclaw.dolnyslask.pl\/wp-content\/uploads\/2022\/10\/DSC0033-768x431.jpg 768w, https:\/\/medyk.wroclaw.dolnyslask.pl\/wp-content\/uploads\/2022\/10\/DSC0033-1536x862.jpg 1536w, https:\/\/medyk.wroclaw.dolnyslask.pl\/wp-content\/uploads\/2022\/10\/DSC0033-2048x1149.jpg 2048w\" sizes=\"auto, (max-width: 453px) 100vw, 453px\" \/><\/p>\n<p>Dnia 13.10.2022 w naszej szkole, odby\u0142o si\u0119 uroczyste rozdanie indeks\u00f3w klasom pierwszym. W tym roku by\u0142a to szczeg\u00f3lnie wa\u017cna dla \u017cycia szko\u0142y uroczysto\u015b\u0107, gdy\u017c ze wzgl\u0119du na obostrzenia zwi\u0105zane z pandemi\u0105, przez ostatnie dwa lata nie mog\u0142a si\u0119 odbywa\u0107. Cieszymy si\u0119 \u017ce po tak d\u0142ugiej przerwie, zn\u00f3w mo\u017cemy u\u015bcisn\u0105\u0107 d\u0142o\u0144 ka\u017cdemu nowemu uczniowi i \u017cyczy\u0107 mu sukces\u00f3w w nauce! \ud83d\ude42<\/p>\n<p>Podczas w.w. uroczusto\u015bci, nagrodzili\u015bmy r\u00f3wnie\u017c zwyci\u0119\u017cczyni\u0119\u00a0 Mistrza Modelarstwa 2022.<\/p>\n<p>Dodatkowo, by\u0142a to \u015bwietna okazja aby wr\u0119czy\u0107 s\u0142odkie upominki kadrze nauczycielskiej z okazji Dnia Edukacji Narodowej (14.10.2022) z najlepszymi\u00a0 \u017cyczeniami od s\u0142uchaczy naszej szko\u0142y.<\/p>\n<p>Wi\u0119cej zdj\u0119\u0107 -&gt; <a href=\"http:\/\/medyk.wroclaw.dolnyslask.pl\/index.php\/galeria-2022\/\">FOTOGALERIA 2022<\/a><\/p>\n","protected":false},"excerpt":{"rendered":"<p>Dnia 13.10.2022 w naszej szkole, odby\u0142o si\u0119 uroczyste rozdanie indeks\u00f3w klasom pierwszym. W tym roku by\u0142a to szczeg\u00f3lnie wa\u017cna dla \u017cycia szko\u0142y uroczysto\u015b\u0107, gdy\u017c ze wzgl\u0119du na obostrzenia zwi\u0105zane z [&hellip;]<\/p>\n","protected":false},"author":26,"featured_media":0,"comment_status":"open","ping_status":"open","sticky":false,"template":"","format":"standard","meta":{"footnotes":""},"categories":[1],"tags":[],"class_list":["post-4628","post","type-post","status-publish","format-standard","hentry","category-aktualnosci","clearfix"],"_links":{"self":[{"href":"https:\/\/medyk.wroclaw.dolnyslask.pl\/index.php\/wp-json\/wp\/v2\/posts\/4628","targetHints":{"allow":["GET"]}}],"collection":[{"href":"https:\/\/medyk.wroclaw.dolnyslask.pl\/index.php\/wp-json\/wp\/v2\/posts"}],"about":[{"href":"https:\/\/medyk.wroclaw.dolnyslask.pl\/index.php\/wp-json\/wp\/v2\/types\/post"}],"author":[{"embeddable":true,"href":"https:\/\/medyk.wroclaw.dolnyslask.pl\/index.php\/wp-json\/wp\/v2\/users\/26"}],"replies":[{"embeddable":true,"href":"https:\/\/medyk.wroclaw.dolnyslask.pl\/index.php\/wp-json\/wp\/v2\/comments?post=4628"}],"version-history":[{"count":6,"href":"https:\/\/medyk.wroclaw.dolnyslask.pl\/index.php\/wp-json\/wp\/v2\/posts\/4628\/revisions"}],"predecessor-version":[{"id":4649,"href":"https:\/\/medyk.wroclaw.dolnyslask.pl\/index.php\/wp-json\/wp\/v2\/posts\/4628\/revisions\/4649"}],"wp:attachment":[{"href":"https:\/\/medyk.wroclaw.dolnyslask.pl\/index.php\/wp-json\/wp\/v2\/media?parent=4628"}],"wp:term":[{"taxonomy":"category","embeddable":true,"href":"https:\/\/medyk.wroclaw.dolnyslask.pl\/index.php\/wp-json\/wp\/v2\/categories?post=4628"},{"taxonomy":"post_tag","embeddable":true,"href":"https:\/\/medyk.wroclaw.dolnyslask.pl\/index.php\/wp-json\/wp\/v2\/tags?post=4628"}],"curies":[{"name":"wp","href":"https:\/\/api.w.org\/{rel}","templated":true}]}}