{"id":4658,"date":"2022-10-20T19:54:39","date_gmt":"2022-10-20T17:54:39","guid":{"rendered":"http:\/\/medyk.wroclaw.dolnyslask.pl\/?p=4658"},"modified":"2022-10-20T19:58:13","modified_gmt":"2022-10-20T17:58:13","slug":"do-boju-polska-do-boju-oliwia","status":"publish","type":"post","link":"https:\/\/medyk.wroclaw.dolnyslask.pl\/index.php\/do-boju-polska-do-boju-oliwia\/2022\/10\/20\/ppowilan\/","title":{"rendered":"Do Boju Polska, do boju OLIWIA!"},"content":{"rendered":"<p><strong><img loading=\"lazy\" decoding=\"async\" class=\"size-medium wp-image-4661 alignleft\" src=\"http:\/\/medyk.wroclaw.dolnyslask.pl\/wp-content\/uploads\/2022\/10\/67554941_735168356918737_2442580044770443264_n-300x300.jpg\" alt=\"\" width=\"300\" height=\"300\" srcset=\"https:\/\/medyk.wroclaw.dolnyslask.pl\/wp-content\/uploads\/2022\/10\/67554941_735168356918737_2442580044770443264_n-300x300.jpg 300w, https:\/\/medyk.wroclaw.dolnyslask.pl\/wp-content\/uploads\/2022\/10\/67554941_735168356918737_2442580044770443264_n-1024x1022.jpg 1024w, https:\/\/medyk.wroclaw.dolnyslask.pl\/wp-content\/uploads\/2022\/10\/67554941_735168356918737_2442580044770443264_n-150x150.jpg 150w, https:\/\/medyk.wroclaw.dolnyslask.pl\/wp-content\/uploads\/2022\/10\/67554941_735168356918737_2442580044770443264_n-768x766.jpg 768w, https:\/\/medyk.wroclaw.dolnyslask.pl\/wp-content\/uploads\/2022\/10\/67554941_735168356918737_2442580044770443264_n.jpg 1440w\" sizes=\"auto, (max-width: 300px) 100vw, 300px\" \/>POZNAJCIE OLIWI\u0118!<\/strong><\/p>\n<p>Oliwia Szmigiel wybra\u0142a w naszej szkole kierunek Technik Dentystyczny, a w &#8220;wolnym czasie&#8221; je\u017adzi po \u015bwiecie i reprezentuje nasz kraj na zawodach\u00a0<span class=\"x193iq5w xeuugli x13faqbe x1vvkbs x1xmvt09 x1lliihq x1s928wv xhkezso x1gmr53x x1cpjm7i x1fgarty x1943h6x xudqn12 x3x7a5m x6prxxf xvq8zen xo1l8bm xzsf02u x1yc453h\" dir=\"auto\">badminton<\/span>a. W tym momencie przygotowuje si\u0119 do Mistrzostw \u015awiata, ale znalaz\u0142a chwil\u0119 aby odpowiedzie\u0107 na kilka pyta\u0144 \ud83d\ude42<\/p>\n<p><em><strong>Paulina:<\/strong> Jak dowiedzia\u0142a\u015b si\u0119 o naszej szkole, jaki kierunek wybra\u0142a\u015b i co kierowa\u0142o tob\u0105 gdy si\u0119 do nas zapisywa\u0142a\u015b?<\/em><\/p>\n<p><strong> Oliwia:<\/strong> M\u00f3j tata wiele razy m\u00f3wi\u0142 mi i zachwala\u0142 \u017ce zawod taki jak Technik Dentystyczny to jest to co\u015b ciekawego i dobrze mo\u017cna zarobi\u0107. Popiera\u0142am jego zdanie. P\u00f3\u017aniej moja mama zabra\u0142a si\u0119 do szukania takiej szko\u0142y i znalaz\u0142a we Wroc\u0142awiu. Ka\u017cdy teraz mo\u017ce powiedzie\u0107, \u017ce ale w \u0141odzi te\u017c s\u0105 takie szko\u0142y. Tak wiem ale ja r\u00f3wnie\u017c szuka\u0142am szko\u0142y z my\u015bl\u0105 o treningach. I znale\u017ali\u015bmy szko\u0142e we Wroc\u0142awiu. To by\u0142 dobry wyb\u00f3r.<\/p>\n<p><em><strong>P:<\/strong> Kilka s\u0142\u00f3w o twoich osi\u0105gni\u0119ciach sportowych dotychczasowych.<\/em><img loading=\"lazy\" decoding=\"async\" class=\"size-medium wp-image-4685 alignright\" src=\"http:\/\/medyk.wroclaw.dolnyslask.pl\/wp-content\/uploads\/2022\/10\/311173502_1575096096259288_7624343250114547647_n-225x300.jpg\" alt=\"\" width=\"225\" height=\"300\" srcset=\"https:\/\/medyk.wroclaw.dolnyslask.pl\/wp-content\/uploads\/2022\/10\/311173502_1575096096259288_7624343250114547647_n-225x300.jpg 225w, https:\/\/medyk.wroclaw.dolnyslask.pl\/wp-content\/uploads\/2022\/10\/311173502_1575096096259288_7624343250114547647_n-768x1024.jpg 768w, https:\/\/medyk.wroclaw.dolnyslask.pl\/wp-content\/uploads\/2022\/10\/311173502_1575096096259288_7624343250114547647_n-1152x1536.jpg 1152w, https:\/\/medyk.wroclaw.dolnyslask.pl\/wp-content\/uploads\/2022\/10\/311173502_1575096096259288_7624343250114547647_n.jpg 1536w\" sizes=\"auto, (max-width: 225px) 100vw, 225px\" \/><\/p>\n<p><strong>O:<\/strong> W tym roku ju\u017c by\u0142am w Hiszpanii dwa razy, w Brazylii, Irlandii, Tajlandii, Indonezji a teraz przygotowuje si\u0119 do Mistrzostw \u015awiata w Japonii. W Hiszpanii uda\u0142o mi si\u0119 zdoby\u0107 dwa br\u0105zowe medale w grze mieszanej i podw\u00f3jnej kobiet. W Brazylii zaszala\u0142am i zebra\u0142am trzy kr\u0105\u017cki m.in srebrny medal gra podw\u00f3jna kobiet, br\u0105zowy medal gra pojedyncza kobiet, br\u0105zowy medal gra mieszan\u0105. W Irlandii by\u0142o bardzo blisko aby by\u0142y dwa srebra ale uda\u0142o si\u0119 zdoby\u0107 br\u0105zowy medal w grze pojedynczej i srebrny medal w grze mieszanej ( exhibition). W Tajlandii wywalczy\u0142am br\u0105zowy medal w grze pojedynczej. Indonezja, to totalny odlot poniewa\u017c zgarn\u0119\u0142am trzy srebra. Co\u015b niesamowitego. W pojedynczej, mieszanej, i w podw\u00f3jnej kobiet. R\u00f3wnie\u017c odby\u0142y si\u0119 Mistrzostwa Polski w Zakopanem 2022 gdzie zdoby\u0142am z\u0142oto. To cieszy bardzo. Aktualnie jestem obj\u0119ta cyklem przygotowa\u0144 na Igrzyska Olimpijskie w 2024 w Pary\u017cu. Ponadto przy dotychczasowych osi\u0105gni\u0119ciach zdoby\u0142am r\u00f3wnie\u017c na Mistrzostwach \u015awiata w 2017 i 2019 br\u0105zowy medal w grze deblowej kobiet oraz w 2018 roku na Mistrzostwach \u015awiata zdoby\u0142am trzy medale m.in dwa br\u0105zy i srebro.<\/p>\n<p><img loading=\"lazy\" decoding=\"async\" class=\"size-medium wp-image-4676 alignleft\" src=\"http:\/\/medyk.wroclaw.dolnyslask.pl\/wp-content\/uploads\/2022\/10\/294580843_1516154605486771_970503172468107883_n-225x300.jpg\" alt=\"\" width=\"225\" height=\"300\" srcset=\"https:\/\/medyk.wroclaw.dolnyslask.pl\/wp-content\/uploads\/2022\/10\/294580843_1516154605486771_970503172468107883_n-225x300.jpg 225w, https:\/\/medyk.wroclaw.dolnyslask.pl\/wp-content\/uploads\/2022\/10\/294580843_1516154605486771_970503172468107883_n-768x1024.jpg 768w, https:\/\/medyk.wroclaw.dolnyslask.pl\/wp-content\/uploads\/2022\/10\/294580843_1516154605486771_970503172468107883_n-1152x1536.jpg 1152w, https:\/\/medyk.wroclaw.dolnyslask.pl\/wp-content\/uploads\/2022\/10\/294580843_1516154605486771_970503172468107883_n.jpg 1536w\" sizes=\"auto, (max-width: 225px) 100vw, 225px\" \/><em><strong>P:<\/strong> Do jakich mistrzostw si\u0119 obecnie przygotowujesz?<\/em><\/p>\n<p><strong>O:<\/strong> Aktualnie przygotowuje si\u0119 do Mistrzostw \u015awiata w Japonii. Jest to najwa\u017cniejszy turniej w tym roku. Oczywi\u015bcie celuje w najwy\u017csze kolory kr\u0105\u017ck\u00f3w. B\u0119d\u0119 gra\u0107 dwie gry. Gr\u0119 podw\u00f3jna kobiet oraz gr\u0119 pojedyncza.<\/p>\n<p><em><strong>P:<\/strong> Czym jest dla ciebie niepe\u0142nosprawno\u015b\u0107? Czy uwa\u017casz \u017ce niepe\u0142nosprawno\u015b\u0107 to bariera do realizowania swoich marze\u0144? Bo moim zdaniem jeste\u015b \u015bwietnym przyk\u0142adem, \u017ce nie jest to barier\u0105 &#8211; wszystko zale\u017cy od cz\u0142owieka i jego nastawienia.<\/em><\/p>\n<p><strong><img loading=\"lazy\" decoding=\"async\" class=\"size-medium wp-image-4664 alignright\" src=\"http:\/\/medyk.wroclaw.dolnyslask.pl\/wp-content\/uploads\/2022\/10\/69858793_766717680430471_6349583958535045120_n-200x300.jpg\" alt=\"\" width=\"200\" height=\"300\" srcset=\"https:\/\/medyk.wroclaw.dolnyslask.pl\/wp-content\/uploads\/2022\/10\/69858793_766717680430471_6349583958535045120_n-200x300.jpg 200w, https:\/\/medyk.wroclaw.dolnyslask.pl\/wp-content\/uploads\/2022\/10\/69858793_766717680430471_6349583958535045120_n-683x1024.jpg 683w, https:\/\/medyk.wroclaw.dolnyslask.pl\/wp-content\/uploads\/2022\/10\/69858793_766717680430471_6349583958535045120_n.jpg 720w\" sizes=\"auto, (max-width: 200px) 100vw, 200px\" \/>O:<\/strong> Czym jest dla mnie niepe\u0142nosprawno\u015b\u0107? Od najm\u0142odszych lat funkcjonowa\u0142am w\u015br\u00f3d pe\u0142nosprawnych r\u00f3wie\u015bnik\u00f3w rywalizuj\u0105c w sekcji p\u0142ywackiej i przez ca\u0142\u0105 podstaw\u00f3wk\u0119 by\u0142am w klasie artystycznej zespo\u0142u tanecznego P\u0119dziwiatry, z kt\u00f3rym wyst\u0119powa\u0142am na wielu scenach. Taniec by\u0142 moj\u0105 pasja i do dzi\u015b uwielbiam ta\u0144czy\u0107. To mnie relaksuje!!! Nie czuje si\u0119 niepe\u0142nosprawna mo\u017ce dlatego \u017ce wszystko robi\u0119 jak normalny cz\u0142owiek. Wychowuje si\u0119 w rodzinie, gdzie jestem akceptowana w 100% i uwa\u017cana za osob\u0119 normalna. Ale je\u015bli mamy m\u00f3wi\u0107 o niepe\u0142nosprawno\u015bci to Bycie niepe\u0142nosprawnym jest takie pi\u0119kne. Mo\u017cna tyle pokaza\u0107 \u015bwiatu ze wszystko mo\u017cna zrobi\u0107 w \u017cyciu. Wszystko bez barier. Czy uwa\u017cam \u017ce niepe\u0142nosprawno\u015b\u0107 to bariera do realizowania swoich marze\u0144? Sk\u0105d\u017ce!!! Ja zawsze m\u00f3wi\u0119, \u017ce je\u015bli cz\u0142owiekowi si\u0119 chce to zrobi wszystko. Tylko trzeba du\u017cej determinacji i woli walki.<\/p>\n<p><em><strong><img loading=\"lazy\" decoding=\"async\" class=\" wp-image-4667 alignleft\" src=\"http:\/\/medyk.wroclaw.dolnyslask.pl\/wp-content\/uploads\/2022\/10\/94968246_955240234911547_4907096050889654272_n-300x219.jpg\" alt=\"\" width=\"379\" height=\"277\" srcset=\"https:\/\/medyk.wroclaw.dolnyslask.pl\/wp-content\/uploads\/2022\/10\/94968246_955240234911547_4907096050889654272_n-300x219.jpg 300w, https:\/\/medyk.wroclaw.dolnyslask.pl\/wp-content\/uploads\/2022\/10\/94968246_955240234911547_4907096050889654272_n-768x560.jpg 768w, https:\/\/medyk.wroclaw.dolnyslask.pl\/wp-content\/uploads\/2022\/10\/94968246_955240234911547_4907096050889654272_n.jpg 960w\" sizes=\"auto, (max-width: 379px) 100vw, 379px\" \/>P:<\/strong> Twoje plany na najbli\u017csz\u0105 przysz\u0142o\u015b\u0107.<\/em><\/p>\n<p><strong>O:<\/strong> Teraz pe\u0142na koncentracja na Mistrzostwach \u015awiata kt\u00f3re ju\u017c lada moment si\u0119 odb\u0119d\u0105. W nast\u0119pnym roku b\u0119dzie to rok przed olimpijski czyli zbieranie punkt\u00f3w na Olimpiade. Trzeba i\u015b\u0107 ca\u0142y czas do przodu i nie my\u015ble\u0107 \u017ce co\u015b nie wysz\u0142o. Ju\u017c za 2 lata Olimpiada. Jest stres ale jest te\u017c du\u017ca ekstytwcja. Pod okiem mojej Trenerki Ma\u0142gorzaty Janiaczyk b\u0119d\u0119 czynnie przygotowywa\u0107 sie do najwi\u0119kszej imprezy oraz w moim klubie KS Kobierzyce szlifuje swoje umiej\u0119tno\u015bci. Do boju Polska.<\/p>\n<p><em><strong>P:<\/strong> Serdecznie dzi\u0119kuj\u0119 za po\u015bwi\u0119cony czas! Jedyne co mi zosta\u0142o, to \u017cyczy\u0107 Ci sukces\u00f3w w realizacji plan\u00f3w na najbli\u017cszy czas, czyli powrotu z Mistrzostw z medalem lub medalami! Mam nadziej\u0119 \u017ce po powrocie, podzielisz si\u0119 wra\u017ceniami z Mistrzostw. B\u0119dziemy wszyscy w szkole trzyma\u0107 za ciebie kciuki! Ciesz\u0119 si\u0119 \u017ce mamy w naszym gronie prawdziwe z\u0142oto!<\/em><\/p>\n<p>Zapraszam do odwiedzenia Oliwii w mediach spo\u0142eczno\u015bciowych <a href=\"https:\/\/www.facebook.com\/profile.php?id=100012767378216\">Facebook\u00a0 &#8211; Oliwia Szmigiel<\/a>\u00a0 oraz\u00a0 <a href=\"https:\/\/www.instagram.com\/oliwkaszmigiel\">Instagram &#8211;\u00a0 @oliwkaszmigiel.<\/a> \ud83d\ude42 \ud83d\ude42 \ud83d\ude42<\/p>\n<p><img loading=\"lazy\" decoding=\"async\" class=\"size-medium wp-image-4694 alignleft\" src=\"http:\/\/medyk.wroclaw.dolnyslask.pl\/wp-content\/uploads\/2022\/10\/311516989_1577408182694746_1911193134317890951_n-300x300.jpg\" alt=\"\" width=\"300\" height=\"300\" srcset=\"https:\/\/medyk.wroclaw.dolnyslask.pl\/wp-content\/uploads\/2022\/10\/311516989_1577408182694746_1911193134317890951_n-300x300.jpg 300w, https:\/\/medyk.wroclaw.dolnyslask.pl\/wp-content\/uploads\/2022\/10\/311516989_1577408182694746_1911193134317890951_n-1024x1024.jpg 1024w, https:\/\/medyk.wroclaw.dolnyslask.pl\/wp-content\/uploads\/2022\/10\/311516989_1577408182694746_1911193134317890951_n-150x150.jpg 150w, https:\/\/medyk.wroclaw.dolnyslask.pl\/wp-content\/uploads\/2022\/10\/311516989_1577408182694746_1911193134317890951_n-768x768.jpg 768w, https:\/\/medyk.wroclaw.dolnyslask.pl\/wp-content\/uploads\/2022\/10\/311516989_1577408182694746_1911193134317890951_n-1536x1536.jpg 1536w, https:\/\/medyk.wroclaw.dolnyslask.pl\/wp-content\/uploads\/2022\/10\/311516989_1577408182694746_1911193134317890951_n.jpg 2048w\" sizes=\"auto, (max-width: 300px) 100vw, 300px\" \/><\/p>\n<p><img loading=\"lazy\" decoding=\"async\" class=\"size-medium wp-image-4679 alignleft\" src=\"http:\/\/medyk.wroclaw.dolnyslask.pl\/wp-content\/uploads\/2022\/10\/301258016_1544874595948105_5853145658593285605_n-225x300.jpg\" alt=\"\" width=\"225\" height=\"300\" srcset=\"https:\/\/medyk.wroclaw.dolnyslask.pl\/wp-content\/uploads\/2022\/10\/301258016_1544874595948105_5853145658593285605_n-225x300.jpg 225w, https:\/\/medyk.wroclaw.dolnyslask.pl\/wp-content\/uploads\/2022\/10\/301258016_1544874595948105_5853145658593285605_n-768x1024.jpg 768w, https:\/\/medyk.wroclaw.dolnyslask.pl\/wp-content\/uploads\/2022\/10\/301258016_1544874595948105_5853145658593285605_n-1152x1536.jpg 1152w, https:\/\/medyk.wroclaw.dolnyslask.pl\/wp-content\/uploads\/2022\/10\/301258016_1544874595948105_5853145658593285605_n.jpg 1536w\" sizes=\"auto, (max-width: 225px) 100vw, 225px\" \/><\/p>\n<p><img loading=\"lazy\" decoding=\"async\" class=\"size-medium wp-image-4688 alignright\" src=\"http:\/\/medyk.wroclaw.dolnyslask.pl\/wp-content\/uploads\/2022\/10\/308538136_1563784160723815_8216242774818402751_n-225x300.jpg\" alt=\"\" width=\"225\" height=\"300\" srcset=\"https:\/\/medyk.wroclaw.dolnyslask.pl\/wp-content\/uploads\/2022\/10\/308538136_1563784160723815_8216242774818402751_n-225x300.jpg 225w, https:\/\/medyk.wroclaw.dolnyslask.pl\/wp-content\/uploads\/2022\/10\/308538136_1563784160723815_8216242774818402751_n-768x1024.jpg 768w, https:\/\/medyk.wroclaw.dolnyslask.pl\/wp-content\/uploads\/2022\/10\/308538136_1563784160723815_8216242774818402751_n-1152x1536.jpg 1152w, https:\/\/medyk.wroclaw.dolnyslask.pl\/wp-content\/uploads\/2022\/10\/308538136_1563784160723815_8216242774818402751_n.jpg 1536w\" sizes=\"auto, (max-width: 225px) 100vw, 225px\" \/><\/p>\n<p><img loading=\"lazy\" decoding=\"async\" class=\"size-medium wp-image-4691 alignright\" src=\"http:\/\/medyk.wroclaw.dolnyslask.pl\/wp-content\/uploads\/2022\/10\/302231869_1543821139386784_502717455251172487_n-225x300.jpg\" alt=\"\" width=\"225\" height=\"300\" srcset=\"https:\/\/medyk.wroclaw.dolnyslask.pl\/wp-content\/uploads\/2022\/10\/302231869_1543821139386784_502717455251172487_n-225x300.jpg 225w, https:\/\/medyk.wroclaw.dolnyslask.pl\/wp-content\/uploads\/2022\/10\/302231869_1543821139386784_502717455251172487_n-768x1024.jpg 768w, https:\/\/medyk.wroclaw.dolnyslask.pl\/wp-content\/uploads\/2022\/10\/302231869_1543821139386784_502717455251172487_n-1152x1536.jpg 1152w, https:\/\/medyk.wroclaw.dolnyslask.pl\/wp-content\/uploads\/2022\/10\/302231869_1543821139386784_502717455251172487_n.jpg 1536w\" sizes=\"auto, (max-width: 225px) 100vw, 225px\" \/><\/p>\n<p>&nbsp;<\/p>\n<p>&nbsp;<\/p>\n<p>&nbsp;<\/p>\n<p>&nbsp;<\/p>\n<p>&nbsp;<\/p>\n<p>&nbsp;<\/p>\n<p>&nbsp;<\/p>\n<p>&nbsp;<\/p>\n<p>&nbsp;<\/p>\n","protected":false},"excerpt":{"rendered":"<p>POZNAJCIE OLIWI\u0118! Oliwia Szmigiel wybra\u0142a w naszej szkole kierunek Technik Dentystyczny, a w &#8220;wolnym czasie&#8221; je\u017adzi po \u015bwiecie i reprezentuje nasz kraj na zawodach\u00a0badmintona. W tym momencie przygotowuje si\u0119 do [&hellip;]<\/p>\n","protected":false},"author":26,"featured_media":0,"comment_status":"open","ping_status":"open","sticky":false,"template":"","format":"standard","meta":{"footnotes":""},"categories":[1],"tags":[],"class_list":["post-4658","post","type-post","status-publish","format-standard","hentry","category-aktualnosci","clearfix"],"_links":{"self":[{"href":"https:\/\/medyk.wroclaw.dolnyslask.pl\/index.php\/wp-json\/wp\/v2\/posts\/4658","targetHints":{"allow":["GET"]}}],"collection":[{"href":"https:\/\/medyk.wroclaw.dolnyslask.pl\/index.php\/wp-json\/wp\/v2\/posts"}],"about":[{"href":"https:\/\/medyk.wroclaw.dolnyslask.pl\/index.php\/wp-json\/wp\/v2\/types\/post"}],"author":[{"embeddable":true,"href":"https:\/\/medyk.wroclaw.dolnyslask.pl\/index.php\/wp-json\/wp\/v2\/users\/26"}],"replies":[{"embeddable":true,"href":"https:\/\/medyk.wroclaw.dolnyslask.pl\/index.php\/wp-json\/wp\/v2\/comments?post=4658"}],"version-history":[{"count":14,"href":"https:\/\/medyk.wroclaw.dolnyslask.pl\/index.php\/wp-json\/wp\/v2\/posts\/4658\/revisions"}],"predecessor-version":[{"id":4736,"href":"https:\/\/medyk.wroclaw.dolnyslask.pl\/index.php\/wp-json\/wp\/v2\/posts\/4658\/revisions\/4736"}],"wp:attachment":[{"href":"https:\/\/medyk.wroclaw.dolnyslask.pl\/index.php\/wp-json\/wp\/v2\/media?parent=4658"}],"wp:term":[{"taxonomy":"category","embeddable":true,"href":"https:\/\/medyk.wroclaw.dolnyslask.pl\/index.php\/wp-json\/wp\/v2\/categories?post=4658"},{"taxonomy":"post_tag","embeddable":true,"href":"https:\/\/medyk.wroclaw.dolnyslask.pl\/index.php\/wp-json\/wp\/v2\/tags?post=4658"}],"curies":[{"name":"wp","href":"https:\/\/api.w.org\/{rel}","templated":true}]}}