{"id":4748,"date":"2022-10-25T19:23:19","date_gmt":"2022-10-25T17:23:19","guid":{"rendered":"http:\/\/medyk.wroclaw.dolnyslask.pl\/?p=4748"},"modified":"2022-10-25T19:37:00","modified_gmt":"2022-10-25T17:37:00","slug":"plebiscyt-edukacyjny-2022","status":"publish","type":"post","link":"https:\/\/medyk.wroclaw.dolnyslask.pl\/index.php\/plebiscyt-edukacyjny-2022\/2022\/10\/25\/ppowilan\/","title":{"rendered":"PLEBISCYT EDUKACYJNY 2022"},"content":{"rendered":"<div class=\"\" dir=\"auto\">\n<div id=\"jsc_c_7j\" class=\"x1iorvi4 x1pi30zi x1l90r2v x1swvt13\" data-ad-comet-preview=\"message\" data-ad-preview=\"message\">\n<div class=\"x78zum5 xdt5ytf xz62fqu x16ldp7u\">\n<div class=\"xu06os2 x1ok221b\">\n<div class=\"xdj266r x11i5rnm xat24cr x1mh8g0r x1vvkbs x126k92a\">\n<div dir=\"auto\">\n<p><img loading=\"lazy\" decoding=\"async\" class=\"wp-image-4754 alignright\" src=\"http:\/\/medyk.wroclaw.dolnyslask.pl\/wp-content\/uploads\/2022\/10\/312929542_1009297330464359_3692784533925256270_n-224x300.jpg\" alt=\"\" width=\"324\" height=\"434\" srcset=\"https:\/\/medyk.wroclaw.dolnyslask.pl\/wp-content\/uploads\/2022\/10\/312929542_1009297330464359_3692784533925256270_n-224x300.jpg 224w, https:\/\/medyk.wroclaw.dolnyslask.pl\/wp-content\/uploads\/2022\/10\/312929542_1009297330464359_3692784533925256270_n-766x1024.jpg 766w, https:\/\/medyk.wroclaw.dolnyslask.pl\/wp-content\/uploads\/2022\/10\/312929542_1009297330464359_3692784533925256270_n-768x1027.jpg 768w, https:\/\/medyk.wroclaw.dolnyslask.pl\/wp-content\/uploads\/2022\/10\/312929542_1009297330464359_3692784533925256270_n-1149x1536.jpg 1149w, https:\/\/medyk.wroclaw.dolnyslask.pl\/wp-content\/uploads\/2022\/10\/312929542_1009297330464359_3692784533925256270_n-1532x2048.jpg 1532w, https:\/\/medyk.wroclaw.dolnyslask.pl\/wp-content\/uploads\/2022\/10\/312929542_1009297330464359_3692784533925256270_n-scaled.jpg 1915w\" sizes=\"auto, (max-width: 324px) 100vw, 324px\" \/><strong>Uwaga!!!<\/strong><br \/>\nNasza szko\u0142a dosta\u0142a si\u0119 do plebiscytu edukacyjnego 2022 w kategorii &#8220;szko\u0142a roku 2022&#8221; organizowanego m.in. przez gazetawroclawska.pl (g\u0142\u00f3wnym Organizatorem Konkursu Plebiscytowego PPG jest Polska Press) \ud83d\udc4d\ud83e\udd47 Zapraszamy serdecznie do g\u0142osowania s\u0142uchaczy, pracownik\u00f3w, a tak\u017ce wszystkich przyjaci\u00f3\u0142 naszej szko\u0142y! \ud83c\udfeb\ud83c\udfeb\ud83c\udf92\ud83c\udf92\ud83e\udd13\ud83e\udd13<br \/>\n<strong>Szczeg\u00f3\u0142y dot. g\u0142osowania i konkursu<\/strong> -&gt; <a class=\"x1i10hfl xjbqb8w x6umtig x1b1mbwd xaqea5y xav7gou x9f619 x1ypdohk xt0psk2 xe8uvvx xdj266r x11i5rnm xat24cr x1mh8g0r xexx8yu x4uap5 x18d9i69 xkhd6sd x16tdsg8 x1hl2dhg xggy1nq x1a2a7pz xt0b8zv x1fey0fg\" tabindex=\"0\" role=\"link\" href=\"http:\/\/www.gazetawroclawska.pl\/p\/kandydat\/3122559?fbclid=IwAR0hT9beHktYJeR203XH13q2V2xDVWuv842SkYXEOCi3KHsAgeoYGXvAj_o\" target=\"_blank\" rel=\"nofollow noopener\">www.gazetawroclawska.pl\/p\/kandydat\/3122559<\/a><\/p>\n<p><strong>G\u0142osowanie SMS<\/strong> -&gt; \u017beby zag\u0142osowa\u0107, wy\u015blij SMS <b>WRS.6<\/b> na numer <b>7303\u00a0 (Koszt <b class=\"important\">3,69 z\u0142<\/b> z VAT)<\/b><\/p>\n<p>Informacje o g\u0142osowaniu dost\u0119pne r\u00f3wnie\u017c w naszych social mediach! \ud83d\ude42<\/p>\n<p><strong>G\u0141OSOWANIE TRWA MIESI\u0104C!<\/strong><\/p>\n<p>#konkurs #plebiscytedukacyjny2022 #plebiscytedukacyjny #gazetawroclawska #dspm #medyk #szkola_medyczna #dolnoslaskaszkolapolicealnamedyczna #asystentkistomatologiczne #higienistkistomatologoczne #technocydentystyczni #technicyfarmacji #technicyelektroradiologii<\/p>\n<p><strong>Zach\u0119camy do udost\u0119pniania tej informacji w swoich mediach spo\u0142eczno\u015bciowych, aby jak najwi\u0119cej os\u00f3b dowiedzia\u0142o si\u0119 o konkursie i o naszej kandydaturze! \ud83d\ude42\u00a0 Z g\u00f3ry dzi\u0119kujemy za ka\u017cdy oddany na nas g\u0142os \ud83d\ude42<\/strong><\/p>\n<\/div>\n<p><img loading=\"lazy\" decoding=\"async\" class=\"size-full wp-image-4751 alignleft\" src=\"http:\/\/medyk.wroclaw.dolnyslask.pl\/wp-content\/uploads\/2022\/10\/312839678_527249622577893_3934018289380066232_n.jpg\" alt=\"\" width=\"175\" height=\"175\" srcset=\"https:\/\/medyk.wroclaw.dolnyslask.pl\/wp-content\/uploads\/2022\/10\/312839678_527249622577893_3934018289380066232_n.jpg 175w, https:\/\/medyk.wroclaw.dolnyslask.pl\/wp-content\/uploads\/2022\/10\/312839678_527249622577893_3934018289380066232_n-150x150.jpg 150w\" sizes=\"auto, (max-width: 175px) 100vw, 175px\" \/><strong>Kod QR<\/strong><\/p>\n<p>&#8211; mo\u017cna wydrukowa\u0107 i zawiesi\u0107 np. na tablicy og\u0142osze\u0144 w miejscu pracy<\/p>\n<p>&#8211; kod przenosi do naszego profilu na stronie konkursu<\/p>\n<p>&#8211; aby odczyta\u0107 kod wystarczy w smartfonie wybra\u0107 Google Lens lub dowolny czytnik kod\u00f3w QR<\/p>\n<\/div>\n<\/div>\n<\/div>\n<\/div>\n<p>&nbsp;<\/p>\n<\/div>\n<p>&nbsp;<\/p>\n<p>&nbsp;<\/p>\n","protected":false},"excerpt":{"rendered":"<p>Uwaga!!! Nasza szko\u0142a dosta\u0142a si\u0119 do plebiscytu edukacyjnego 2022 w kategorii &#8220;szko\u0142a roku 2022&#8221; organizowanego m.in. przez gazetawroclawska.pl (g\u0142\u00f3wnym Organizatorem Konkursu Plebiscytowego PPG jest Polska Press) \ud83d\udc4d\ud83e\udd47 Zapraszamy serdecznie do [&hellip;]<\/p>\n","protected":false},"author":26,"featured_media":0,"comment_status":"open","ping_status":"open","sticky":false,"template":"","format":"standard","meta":{"footnotes":""},"categories":[1],"tags":[],"class_list":["post-4748","post","type-post","status-publish","format-standard","hentry","category-aktualnosci","clearfix"],"_links":{"self":[{"href":"https:\/\/medyk.wroclaw.dolnyslask.pl\/index.php\/wp-json\/wp\/v2\/posts\/4748","targetHints":{"allow":["GET"]}}],"collection":[{"href":"https:\/\/medyk.wroclaw.dolnyslask.pl\/index.php\/wp-json\/wp\/v2\/posts"}],"about":[{"href":"https:\/\/medyk.wroclaw.dolnyslask.pl\/index.php\/wp-json\/wp\/v2\/types\/post"}],"author":[{"embeddable":true,"href":"https:\/\/medyk.wroclaw.dolnyslask.pl\/index.php\/wp-json\/wp\/v2\/users\/26"}],"replies":[{"embeddable":true,"href":"https:\/\/medyk.wroclaw.dolnyslask.pl\/index.php\/wp-json\/wp\/v2\/comments?post=4748"}],"version-history":[{"count":12,"href":"https:\/\/medyk.wroclaw.dolnyslask.pl\/index.php\/wp-json\/wp\/v2\/posts\/4748\/revisions"}],"predecessor-version":[{"id":4763,"href":"https:\/\/medyk.wroclaw.dolnyslask.pl\/index.php\/wp-json\/wp\/v2\/posts\/4748\/revisions\/4763"}],"wp:attachment":[{"href":"https:\/\/medyk.wroclaw.dolnyslask.pl\/index.php\/wp-json\/wp\/v2\/media?parent=4748"}],"wp:term":[{"taxonomy":"category","embeddable":true,"href":"https:\/\/medyk.wroclaw.dolnyslask.pl\/index.php\/wp-json\/wp\/v2\/categories?post=4748"},{"taxonomy":"post_tag","embeddable":true,"href":"https:\/\/medyk.wroclaw.dolnyslask.pl\/index.php\/wp-json\/wp\/v2\/tags?post=4748"}],"curies":[{"name":"wp","href":"https:\/\/api.w.org\/{rel}","templated":true}]}}