{"id":4869,"date":"2022-11-15T14:55:35","date_gmt":"2022-11-15T13:55:35","guid":{"rendered":"http:\/\/medyk.wroclaw.dolnyslask.pl\/?p=4869"},"modified":"2022-11-17T19:20:30","modified_gmt":"2022-11-17T18:20:30","slug":"4869","status":"publish","type":"post","link":"https:\/\/medyk.wroclaw.dolnyslask.pl\/index.php\/4869\/2022\/11\/15\/ppowilan\/","title":{"rendered":"POM\u00d3\u017b I TY &#8211; zbi\u00f3rka dar\u00f3w"},"content":{"rendered":"<p style=\"text-align: center;\"><strong><img loading=\"lazy\" decoding=\"async\" class=\"wp-image-4872 alignleft\" src=\"http:\/\/medyk.wroclaw.dolnyslask.pl\/wp-content\/uploads\/2022\/11\/1668515404876-300x225.jpg\" alt=\"\" width=\"452\" height=\"339\" srcset=\"https:\/\/medyk.wroclaw.dolnyslask.pl\/wp-content\/uploads\/2022\/11\/1668515404876-300x225.jpg 300w, https:\/\/medyk.wroclaw.dolnyslask.pl\/wp-content\/uploads\/2022\/11\/1668515404876-1024x768.jpg 1024w, https:\/\/medyk.wroclaw.dolnyslask.pl\/wp-content\/uploads\/2022\/11\/1668515404876-768x576.jpg 768w, https:\/\/medyk.wroclaw.dolnyslask.pl\/wp-content\/uploads\/2022\/11\/1668515404876-1536x1152.jpg 1536w, https:\/\/medyk.wroclaw.dolnyslask.pl\/wp-content\/uploads\/2022\/11\/1668515404876-2048x1536.jpg 2048w\" sizes=\"auto, (max-width: 452px) 100vw, 452px\" \/>POM\u00d3\u017b I TY!<\/strong><\/p>\n<p style=\"text-align: left;\">Jak co roku, zach\u0119camy do wzi\u0119cia udzia\u0142u w zbi\u00f3rce dar\u00f3w, organizowanej przez nauczycielki z naszej szko\u0142y. Trafi\u0105 one do Schroniska Samotnej Matki z Dzieckiem.<\/p>\n<p style=\"text-align: left;\">\u015arodki czysto\u015bci, s\u0142odycze, odzie\u017c &#8211; wszystko si\u0119 przyda i na pewno u\u0142atwi potrzebuj\u0105cym \u017cycie.<\/p>\n<p>Czas trwania zbi\u00f3rki: 04.11 &#8211; 20.12. 2022<\/p>\n<p>Z g\u00f3ry dzi\u0119kujemy za przekazane dary!<\/p>\n<p>&nbsp;<\/p>\n<p>&nbsp;<\/p>\n<p>&nbsp;<\/p>\n<p>&nbsp;<\/p>\n<p>&nbsp;<\/p>\n","protected":false},"excerpt":{"rendered":"<p>POM\u00d3\u017b I TY! Jak co roku, zach\u0119camy do wzi\u0119cia udzia\u0142u w zbi\u00f3rce dar\u00f3w, organizowanej przez nauczycielki z naszej szko\u0142y. Trafi\u0105 one do Schroniska Samotnej Matki z Dzieckiem. \u015arodki czysto\u015bci, s\u0142odycze, [&hellip;]<\/p>\n","protected":false},"author":26,"featured_media":0,"comment_status":"open","ping_status":"open","sticky":false,"template":"","format":"standard","meta":{"footnotes":""},"categories":[1],"tags":[],"class_list":["post-4869","post","type-post","status-publish","format-standard","hentry","category-aktualnosci","clearfix"],"_links":{"self":[{"href":"https:\/\/medyk.wroclaw.dolnyslask.pl\/index.php\/wp-json\/wp\/v2\/posts\/4869","targetHints":{"allow":["GET"]}}],"collection":[{"href":"https:\/\/medyk.wroclaw.dolnyslask.pl\/index.php\/wp-json\/wp\/v2\/posts"}],"about":[{"href":"https:\/\/medyk.wroclaw.dolnyslask.pl\/index.php\/wp-json\/wp\/v2\/types\/post"}],"author":[{"embeddable":true,"href":"https:\/\/medyk.wroclaw.dolnyslask.pl\/index.php\/wp-json\/wp\/v2\/users\/26"}],"replies":[{"embeddable":true,"href":"https:\/\/medyk.wroclaw.dolnyslask.pl\/index.php\/wp-json\/wp\/v2\/comments?post=4869"}],"version-history":[{"count":4,"href":"https:\/\/medyk.wroclaw.dolnyslask.pl\/index.php\/wp-json\/wp\/v2\/posts\/4869\/revisions"}],"predecessor-version":[{"id":4884,"href":"https:\/\/medyk.wroclaw.dolnyslask.pl\/index.php\/wp-json\/wp\/v2\/posts\/4869\/revisions\/4884"}],"wp:attachment":[{"href":"https:\/\/medyk.wroclaw.dolnyslask.pl\/index.php\/wp-json\/wp\/v2\/media?parent=4869"}],"wp:term":[{"taxonomy":"category","embeddable":true,"href":"https:\/\/medyk.wroclaw.dolnyslask.pl\/index.php\/wp-json\/wp\/v2\/categories?post=4869"},{"taxonomy":"post_tag","embeddable":true,"href":"https:\/\/medyk.wroclaw.dolnyslask.pl\/index.php\/wp-json\/wp\/v2\/tags?post=4869"}],"curies":[{"name":"wp","href":"https:\/\/api.w.org\/{rel}","templated":true}]}}