{"id":4929,"date":"2022-11-17T20:45:36","date_gmt":"2022-11-17T19:45:36","guid":{"rendered":"http:\/\/medyk.wroclaw.dolnyslask.pl\/?p=4929"},"modified":"2022-11-17T20:47:14","modified_gmt":"2022-11-17T19:47:14","slug":"targi-szkol-policealnych","status":"publish","type":"post","link":"https:\/\/medyk.wroclaw.dolnyslask.pl\/index.php\/targi-szkol-policealnych\/2022\/11\/17\/ppowilan\/","title":{"rendered":"TARGI SZK\u00d3\u0141 POLICEALNYCH"},"content":{"rendered":"<p>Mieli\u015bmy przyjemno\u015b\u0107 wzi\u0105\u0107 udzia\u0142 w targach organizowanych przez 1 LO we Wroc\u0142awiu. By\u0142a to fantastyczna okazja, aby przekona\u0107 maturzyst\u00f3w, \u017ce nie tylko studiami cz\u0142owiek \u017cyje, a szko\u0142y policealne, mimo \u017ce s\u0105 kojarzone cz\u0119sto z osobami kt\u00f3re \u201epo prostu nie zda\u0142y matury i nie maj\u0105 co z \u017cyciem zrobi\u0107\u201d, wcale \u201etakie z\u0142e nie s\u0105\u201d i nios\u0105 ze sob\u0105 wiele korzy\u015bci \ud83d\udd25<br \/>\nJak wida\u0107 zainteresowanie naszym stanowiskiem by\u0142o i ch\u0119tnie odpowiadali\u015bmy na pytania \ud83d\udc4d<\/p>\n<p>Reprezentacja naszej szko\u0142y na targach:<\/p>\n<p>Kadra nauczycielka \u2013 Agnieszka Grzegorczyk (TD)<\/p>\n<p>Uczniowie \u2013 Paulina Powi\u0142an (2 TE), Mieszko Posiewa\u0142a (1 TE), Magdalena Nowak (2 TF), Aleksandra Buda (2 TF), Magdalena Broszkiewicz (2B TD), Julia Knefel (2B TD)<\/p>\n<p><img loading=\"lazy\" decoding=\"async\" class=\"size-medium wp-image-4914 alignleft\" src=\"http:\/\/medyk.wroclaw.dolnyslask.pl\/wp-content\/uploads\/2022\/11\/1668705126051-300x245.webp\" alt=\"\" width=\"300\" height=\"245\" srcset=\"https:\/\/medyk.wroclaw.dolnyslask.pl\/wp-content\/uploads\/2022\/11\/1668705126051-300x245.webp 300w, https:\/\/medyk.wroclaw.dolnyslask.pl\/wp-content\/uploads\/2022\/11\/1668705126051-1024x836.webp 1024w, https:\/\/medyk.wroclaw.dolnyslask.pl\/wp-content\/uploads\/2022\/11\/1668705126051-768x627.webp 768w, https:\/\/medyk.wroclaw.dolnyslask.pl\/wp-content\/uploads\/2022\/11\/1668705126051.webp 1440w\" sizes=\"auto, (max-width: 300px) 100vw, 300px\" \/><img loading=\"lazy\" decoding=\"async\" class=\"wp-image-4917 alignleft\" src=\"http:\/\/medyk.wroclaw.dolnyslask.pl\/wp-content\/uploads\/2022\/11\/1668705126091-300x225.jpg\" alt=\"\" width=\"328\" height=\"246\" srcset=\"https:\/\/medyk.wroclaw.dolnyslask.pl\/wp-content\/uploads\/2022\/11\/1668705126091-300x225.jpg 300w, https:\/\/medyk.wroclaw.dolnyslask.pl\/wp-content\/uploads\/2022\/11\/1668705126091-1024x766.jpg 1024w, https:\/\/medyk.wroclaw.dolnyslask.pl\/wp-content\/uploads\/2022\/11\/1668705126091-768x575.jpg 768w, https:\/\/medyk.wroclaw.dolnyslask.pl\/wp-content\/uploads\/2022\/11\/1668705126091-1536x1150.jpg 1536w, https:\/\/medyk.wroclaw.dolnyslask.pl\/wp-content\/uploads\/2022\/11\/1668705126091-2048x1533.jpg 2048w\" sizes=\"auto, (max-width: 328px) 100vw, 328px\" \/><\/p>\n<p>&nbsp;<\/p>\n<p>&nbsp;<\/p>\n<p>&nbsp;<\/p>\n<p>&nbsp;<\/p>\n<p>&nbsp;<\/p>\n<p>&nbsp;<\/p>\n<p>&nbsp;<\/p>\n<p>Wi\u0119cej zdj\u0119\u0107 &#8211; w galerii \ud83d\ude42<\/p>\n<p>&nbsp;<\/p>\n","protected":false},"excerpt":{"rendered":"<p>Mieli\u015bmy przyjemno\u015b\u0107 wzi\u0105\u0107 udzia\u0142 w targach organizowanych przez 1 LO we Wroc\u0142awiu. By\u0142a to fantastyczna okazja, aby przekona\u0107 maturzyst\u00f3w, \u017ce nie tylko studiami cz\u0142owiek \u017cyje, a szko\u0142y policealne, mimo \u017ce [&hellip;]<\/p>\n","protected":false},"author":26,"featured_media":0,"comment_status":"open","ping_status":"open","sticky":false,"template":"","format":"standard","meta":{"footnotes":""},"categories":[1],"tags":[],"class_list":["post-4929","post","type-post","status-publish","format-standard","hentry","category-aktualnosci","clearfix"],"_links":{"self":[{"href":"https:\/\/medyk.wroclaw.dolnyslask.pl\/index.php\/wp-json\/wp\/v2\/posts\/4929","targetHints":{"allow":["GET"]}}],"collection":[{"href":"https:\/\/medyk.wroclaw.dolnyslask.pl\/index.php\/wp-json\/wp\/v2\/posts"}],"about":[{"href":"https:\/\/medyk.wroclaw.dolnyslask.pl\/index.php\/wp-json\/wp\/v2\/types\/post"}],"author":[{"embeddable":true,"href":"https:\/\/medyk.wroclaw.dolnyslask.pl\/index.php\/wp-json\/wp\/v2\/users\/26"}],"replies":[{"embeddable":true,"href":"https:\/\/medyk.wroclaw.dolnyslask.pl\/index.php\/wp-json\/wp\/v2\/comments?post=4929"}],"version-history":[{"count":5,"href":"https:\/\/medyk.wroclaw.dolnyslask.pl\/index.php\/wp-json\/wp\/v2\/posts\/4929\/revisions"}],"predecessor-version":[{"id":4944,"href":"https:\/\/medyk.wroclaw.dolnyslask.pl\/index.php\/wp-json\/wp\/v2\/posts\/4929\/revisions\/4944"}],"wp:attachment":[{"href":"https:\/\/medyk.wroclaw.dolnyslask.pl\/index.php\/wp-json\/wp\/v2\/media?parent=4929"}],"wp:term":[{"taxonomy":"category","embeddable":true,"href":"https:\/\/medyk.wroclaw.dolnyslask.pl\/index.php\/wp-json\/wp\/v2\/categories?post=4929"},{"taxonomy":"post_tag","embeddable":true,"href":"https:\/\/medyk.wroclaw.dolnyslask.pl\/index.php\/wp-json\/wp\/v2\/tags?post=4929"}],"curies":[{"name":"wp","href":"https:\/\/api.w.org\/{rel}","templated":true}]}}