{"id":5064,"date":"2022-11-29T16:12:00","date_gmt":"2022-11-29T15:12:00","guid":{"rendered":"http:\/\/medyk.wroclaw.dolnyslask.pl\/?p=5064"},"modified":"2022-11-29T16:12:55","modified_gmt":"2022-11-29T15:12:55","slug":"4-miejsce-we-wroclawiu-w-plebiscycie-edukacyjnym-2022","status":"publish","type":"post","link":"https:\/\/medyk.wroclaw.dolnyslask.pl\/index.php\/4-miejsce-we-wroclawiu-w-plebiscycie-edukacyjnym-2022\/2022\/11\/29\/ppowilan\/","title":{"rendered":"4 miejsce we Wroc\u0142awiu w PLEBISCYCIE EDUKACYJNYM 2022"},"content":{"rendered":"<p><strong>\u00a0PLEBISCYT EDUKACYJNY 2022<\/strong><\/p>\n<p>Serdecznie dzi\u0119kujemy za oddane g\u0142osy na nasz\u0105 szko\u0142\u0119! Ostatecznie ko\u0144czymy rywalizacj\u0119\u00a0 w plebiscycie edukacyjnym 2022 na 4 miejscu we Wroc\u0142awiu.<\/p>\n<p>Bardzo cieszy nas ten wynik, a tr\u00f3jce na podium &#8211; serdecznie gratulujemy!<\/p>\n<p><img loading=\"lazy\" decoding=\"async\" class=\"wp-image-5058 alignleft\" src=\"http:\/\/medyk.wroclaw.dolnyslask.pl\/wp-content\/uploads\/2022\/11\/316820382_607638457829653_6277096755141792497_n-183x300.jpg\" alt=\"\" width=\"256\" height=\"419\" srcset=\"https:\/\/medyk.wroclaw.dolnyslask.pl\/wp-content\/uploads\/2022\/11\/316820382_607638457829653_6277096755141792497_n-183x300.jpg 183w, https:\/\/medyk.wroclaw.dolnyslask.pl\/wp-content\/uploads\/2022\/11\/316820382_607638457829653_6277096755141792497_n.jpg 526w\" sizes=\"auto, (max-width: 256px) 100vw, 256px\" \/><\/p>\n<p><img loading=\"lazy\" decoding=\"async\" class=\"wp-image-5055 alignleft\" src=\"http:\/\/medyk.wroclaw.dolnyslask.pl\/wp-content\/uploads\/2022\/11\/317332908_5882021205163151_4879151805263367637_n-300x204.jpg\" alt=\"\" width=\"621\" height=\"422\" srcset=\"https:\/\/medyk.wroclaw.dolnyslask.pl\/wp-content\/uploads\/2022\/11\/317332908_5882021205163151_4879151805263367637_n-300x204.jpg 300w, https:\/\/medyk.wroclaw.dolnyslask.pl\/wp-content\/uploads\/2022\/11\/317332908_5882021205163151_4879151805263367637_n-768x522.jpg 768w, https:\/\/medyk.wroclaw.dolnyslask.pl\/wp-content\/uploads\/2022\/11\/317332908_5882021205163151_4879151805263367637_n.jpg 863w\" sizes=\"auto, (max-width: 621px) 100vw, 621px\" \/><\/p>\n<p>&nbsp;<\/p>\n<p>&nbsp;<\/p>\n<p>&nbsp;<\/p>\n<p>&nbsp;<\/p>\n<p>&nbsp;<\/p>\n<p>&nbsp;<\/p>\n<p>&nbsp;<\/p>\n<p>&nbsp;<\/p>\n<p>&nbsp;<\/p>\n<p>&nbsp;<\/p>\n<p>&nbsp;<\/p>\n<p>&nbsp;<\/p>\n<p>&nbsp;<\/p>\n","protected":false},"excerpt":{"rendered":"<p>\u00a0PLEBISCYT EDUKACYJNY 2022 Serdecznie dzi\u0119kujemy za oddane g\u0142osy na nasz\u0105 szko\u0142\u0119! Ostatecznie ko\u0144czymy rywalizacj\u0119\u00a0 w plebiscycie edukacyjnym 2022 na 4 miejscu we Wroc\u0142awiu. Bardzo cieszy nas ten wynik, a tr\u00f3jce [&hellip;]<\/p>\n","protected":false},"author":26,"featured_media":0,"comment_status":"open","ping_status":"open","sticky":false,"template":"","format":"standard","meta":{"footnotes":""},"categories":[1],"tags":[],"class_list":["post-5064","post","type-post","status-publish","format-standard","hentry","category-aktualnosci","clearfix"],"_links":{"self":[{"href":"https:\/\/medyk.wroclaw.dolnyslask.pl\/index.php\/wp-json\/wp\/v2\/posts\/5064","targetHints":{"allow":["GET"]}}],"collection":[{"href":"https:\/\/medyk.wroclaw.dolnyslask.pl\/index.php\/wp-json\/wp\/v2\/posts"}],"about":[{"href":"https:\/\/medyk.wroclaw.dolnyslask.pl\/index.php\/wp-json\/wp\/v2\/types\/post"}],"author":[{"embeddable":true,"href":"https:\/\/medyk.wroclaw.dolnyslask.pl\/index.php\/wp-json\/wp\/v2\/users\/26"}],"replies":[{"embeddable":true,"href":"https:\/\/medyk.wroclaw.dolnyslask.pl\/index.php\/wp-json\/wp\/v2\/comments?post=5064"}],"version-history":[{"count":5,"href":"https:\/\/medyk.wroclaw.dolnyslask.pl\/index.php\/wp-json\/wp\/v2\/posts\/5064\/revisions"}],"predecessor-version":[{"id":5079,"href":"https:\/\/medyk.wroclaw.dolnyslask.pl\/index.php\/wp-json\/wp\/v2\/posts\/5064\/revisions\/5079"}],"wp:attachment":[{"href":"https:\/\/medyk.wroclaw.dolnyslask.pl\/index.php\/wp-json\/wp\/v2\/media?parent=5064"}],"wp:term":[{"taxonomy":"category","embeddable":true,"href":"https:\/\/medyk.wroclaw.dolnyslask.pl\/index.php\/wp-json\/wp\/v2\/categories?post=5064"},{"taxonomy":"post_tag","embeddable":true,"href":"https:\/\/medyk.wroclaw.dolnyslask.pl\/index.php\/wp-json\/wp\/v2\/tags?post=5064"}],"curies":[{"name":"wp","href":"https:\/\/api.w.org\/{rel}","templated":true}]}}