{"id":5082,"date":"2022-12-06T20:50:44","date_gmt":"2022-12-06T19:50:44","guid":{"rendered":"http:\/\/medyk.wroclaw.dolnyslask.pl\/?p=5082"},"modified":"2022-12-06T20:50:44","modified_gmt":"2022-12-06T19:50:44","slug":"konkurs-fotograficzny-jesien-2022-rozstrzygniety","status":"publish","type":"post","link":"https:\/\/medyk.wroclaw.dolnyslask.pl\/index.php\/konkurs-fotograficzny-jesien-2022-rozstrzygniety\/2022\/12\/06\/ppowilan\/","title":{"rendered":"Konkurs Fotograficzny Jesie\u0144 2022 rozstrzygni\u0119ty!"},"content":{"rendered":"<p style=\"text-align: center;\"><img loading=\"lazy\" decoding=\"async\" class=\"wp-image-5088 alignleft\" src=\"http:\/\/medyk.wroclaw.dolnyslask.pl\/wp-content\/uploads\/2022\/12\/InShot_20221206_131430887-214x300.jpg\" alt=\"\" width=\"487\" height=\"683\" srcset=\"https:\/\/medyk.wroclaw.dolnyslask.pl\/wp-content\/uploads\/2022\/12\/InShot_20221206_131430887-214x300.jpg 214w, https:\/\/medyk.wroclaw.dolnyslask.pl\/wp-content\/uploads\/2022\/12\/InShot_20221206_131430887-731x1024.jpg 731w, https:\/\/medyk.wroclaw.dolnyslask.pl\/wp-content\/uploads\/2022\/12\/InShot_20221206_131430887-768x1077.jpg 768w, https:\/\/medyk.wroclaw.dolnyslask.pl\/wp-content\/uploads\/2022\/12\/InShot_20221206_131430887-1096x1536.jpg 1096w, https:\/\/medyk.wroclaw.dolnyslask.pl\/wp-content\/uploads\/2022\/12\/InShot_20221206_131430887-1461x2048.jpg 1461w, https:\/\/medyk.wroclaw.dolnyslask.pl\/wp-content\/uploads\/2022\/12\/InShot_20221206_131430887-scaled.jpg 1826w\" sizes=\"auto, (max-width: 487px) 100vw, 487px\" \/><strong>Dzi\u0119kujemy za udzia\u0142 w konkursie fotograficznym organizowanym w naszej szkole.<\/strong><\/p>\n<p>Ka\u017cde z przekazanych zdj\u0119\u0107 obrazowa\u0142o pi\u0119kno jesieni na sw\u00f3j spos\u00f3b. Wyb\u00f3r by\u0142 bardzo trudny i mimo ch\u0119ci przyznania pierwszego miejsca wszystkim uczestnikom, musieli\u015bmy wybra\u0107 trzy najlepsze zdj\u0119cia. Wyniki wygl\u0105daj\u0105 nast\u0119puj\u0105co:<\/p>\n<p><strong>MIEJSCE I<\/strong> &#8211; Malwina Brocka\u00a0 I TE<\/p>\n<p><strong>MIEJSCE II<\/strong> &#8211; Mieszko Posiewa\u0142a I TE<\/p>\n<p><strong>MIEJSCE III<\/strong> &#8211; Adriana Dawiec II TE<\/p>\n<p>Dodatkowo wyr\u00f3\u017cnili\u015bmy 3 prace.<\/p>\n<p>Zwyci\u0119skie prace mo\u017cna ogl\u0105da\u0107 na tablicy szkolnej na parterze (obok wej\u015bcia g\u0142\u00f3wnego do szko\u0142y).<\/p>\n<p>&nbsp;<\/p>\n<p>&nbsp;<\/p>\n<p>&nbsp;<\/p>\n<p style=\"text-align: center;\"><strong>Serdcznie gratulujemy zwyci\u0119zcom!\u00a0<\/strong><\/p>\n<p>&nbsp;<\/p>\n<p>&nbsp;<\/p>\n<p>&nbsp;<\/p>\n<p><img loading=\"lazy\" decoding=\"async\" class=\"wp-image-5091 alignleft\" src=\"http:\/\/medyk.wroclaw.dolnyslask.pl\/wp-content\/uploads\/2022\/12\/InShot_20221206_131346638-211x300.jpg\" alt=\"\" width=\"527\" height=\"749\" srcset=\"https:\/\/medyk.wroclaw.dolnyslask.pl\/wp-content\/uploads\/2022\/12\/InShot_20221206_131346638-211x300.jpg 211w, https:\/\/medyk.wroclaw.dolnyslask.pl\/wp-content\/uploads\/2022\/12\/InShot_20221206_131346638-721x1024.jpg 721w, https:\/\/medyk.wroclaw.dolnyslask.pl\/wp-content\/uploads\/2022\/12\/InShot_20221206_131346638-768x1091.jpg 768w, https:\/\/medyk.wroclaw.dolnyslask.pl\/wp-content\/uploads\/2022\/12\/InShot_20221206_131346638-1082x1536.jpg 1082w, https:\/\/medyk.wroclaw.dolnyslask.pl\/wp-content\/uploads\/2022\/12\/InShot_20221206_131346638-1442x2048.jpg 1442w, https:\/\/medyk.wroclaw.dolnyslask.pl\/wp-content\/uploads\/2022\/12\/InShot_20221206_131346638-scaled.jpg 1803w\" sizes=\"auto, (max-width: 527px) 100vw, 527px\" \/><\/p>\n<p><img loading=\"lazy\" decoding=\"async\" class=\"wp-image-5094 alignleft\" src=\"http:\/\/medyk.wroclaw.dolnyslask.pl\/wp-content\/uploads\/2022\/12\/InShot_20221206_131254965-243x300.jpg\" alt=\"\" width=\"607\" height=\"749\" srcset=\"https:\/\/medyk.wroclaw.dolnyslask.pl\/wp-content\/uploads\/2022\/12\/InShot_20221206_131254965-243x300.jpg 243w, https:\/\/medyk.wroclaw.dolnyslask.pl\/wp-content\/uploads\/2022\/12\/InShot_20221206_131254965-830x1024.jpg 830w, https:\/\/medyk.wroclaw.dolnyslask.pl\/wp-content\/uploads\/2022\/12\/InShot_20221206_131254965-768x947.jpg 768w, https:\/\/medyk.wroclaw.dolnyslask.pl\/wp-content\/uploads\/2022\/12\/InShot_20221206_131254965-1245x1536.jpg 1245w, https:\/\/medyk.wroclaw.dolnyslask.pl\/wp-content\/uploads\/2022\/12\/InShot_20221206_131254965-1661x2048.jpg 1661w\" sizes=\"auto, (max-width: 607px) 100vw, 607px\" \/><\/p>\n<p>&nbsp;<\/p>\n<p>&nbsp;<\/p>\n<p>&nbsp;<\/p>\n<p>&nbsp;<\/p>\n<p>&nbsp;<\/p>\n<p>&nbsp;<\/p>\n<p>&nbsp;<\/p>\n<p>&nbsp;<\/p>\n<p>&nbsp;<\/p>\n<p>&nbsp;<\/p>\n<p>&nbsp;<\/p>\n<p>&nbsp;<\/p>\n<p>&nbsp;<\/p>\n<p>&nbsp;<\/p>\n<p>&nbsp;<\/p>\n<p>&nbsp;<\/p>\n<p>&nbsp;<\/p>\n<p><img loading=\"lazy\" decoding=\"async\" class=\"alignnone size-medium wp-image-5085\" src=\"http:\/\/medyk.wroclaw.dolnyslask.pl\/wp-content\/uploads\/2022\/12\/InShot_20221206_131704916-120x300.jpg\" alt=\"\" width=\"120\" height=\"300\" \/><img loading=\"lazy\" decoding=\"async\" class=\"alignnone size-medium wp-image-5097\" src=\"http:\/\/medyk.wroclaw.dolnyslask.pl\/wp-content\/uploads\/2022\/12\/InShot_20221206_131704916-1-120x300.jpg\" alt=\"\" width=\"120\" height=\"300\" \/><img loading=\"lazy\" decoding=\"async\" class=\"alignnone size-medium wp-image-5085\" src=\"http:\/\/medyk.wroclaw.dolnyslask.pl\/wp-content\/uploads\/2022\/12\/InShot_20221206_131704916-120x300.jpg\" alt=\"\" width=\"120\" height=\"300\" \/><\/p>\n","protected":false},"excerpt":{"rendered":"<p>Dzi\u0119kujemy za udzia\u0142 w konkursie fotograficznym organizowanym w naszej szkole. Ka\u017cde z przekazanych zdj\u0119\u0107 obrazowa\u0142o pi\u0119kno jesieni na sw\u00f3j spos\u00f3b. Wyb\u00f3r by\u0142 bardzo trudny i mimo ch\u0119ci przyznania pierwszego miejsca [&hellip;]<\/p>\n","protected":false},"author":26,"featured_media":0,"comment_status":"open","ping_status":"open","sticky":false,"template":"","format":"standard","meta":{"footnotes":""},"categories":[1],"tags":[],"class_list":["post-5082","post","type-post","status-publish","format-standard","hentry","category-aktualnosci","clearfix"],"_links":{"self":[{"href":"https:\/\/medyk.wroclaw.dolnyslask.pl\/index.php\/wp-json\/wp\/v2\/posts\/5082","targetHints":{"allow":["GET"]}}],"collection":[{"href":"https:\/\/medyk.wroclaw.dolnyslask.pl\/index.php\/wp-json\/wp\/v2\/posts"}],"about":[{"href":"https:\/\/medyk.wroclaw.dolnyslask.pl\/index.php\/wp-json\/wp\/v2\/types\/post"}],"author":[{"embeddable":true,"href":"https:\/\/medyk.wroclaw.dolnyslask.pl\/index.php\/wp-json\/wp\/v2\/users\/26"}],"replies":[{"embeddable":true,"href":"https:\/\/medyk.wroclaw.dolnyslask.pl\/index.php\/wp-json\/wp\/v2\/comments?post=5082"}],"version-history":[{"count":19,"href":"https:\/\/medyk.wroclaw.dolnyslask.pl\/index.php\/wp-json\/wp\/v2\/posts\/5082\/revisions"}],"predecessor-version":[{"id":5154,"href":"https:\/\/medyk.wroclaw.dolnyslask.pl\/index.php\/wp-json\/wp\/v2\/posts\/5082\/revisions\/5154"}],"wp:attachment":[{"href":"https:\/\/medyk.wroclaw.dolnyslask.pl\/index.php\/wp-json\/wp\/v2\/media?parent=5082"}],"wp:term":[{"taxonomy":"category","embeddable":true,"href":"https:\/\/medyk.wroclaw.dolnyslask.pl\/index.php\/wp-json\/wp\/v2\/categories?post=5082"},{"taxonomy":"post_tag","embeddable":true,"href":"https:\/\/medyk.wroclaw.dolnyslask.pl\/index.php\/wp-json\/wp\/v2\/tags?post=5082"}],"curies":[{"name":"wp","href":"https:\/\/api.w.org\/{rel}","templated":true}]}}