{"id":5877,"date":"2023-03-14T09:40:32","date_gmt":"2023-03-14T08:40:32","guid":{"rendered":"http:\/\/medyk.wroclaw.dolnyslask.pl\/?p=5877"},"modified":"2023-03-14T20:47:14","modified_gmt":"2023-03-14T19:47:14","slug":"dni-otwarte","status":"publish","type":"post","link":"https:\/\/medyk.wroclaw.dolnyslask.pl\/index.php\/dni-otwarte\/2023\/03\/14\/agrzegorczyk\/","title":{"rendered":"DNI OTWARTE"},"content":{"rendered":"<h2 style=\"text-align: center;\"><strong><em>Zapraszamy wszystkich zainteresowanych <\/em><\/strong><strong><em>na DNI OTWARTE<\/em><\/strong><strong><em>\u00a0<\/em><\/strong><\/h2>\n<h2 style=\"text-align: center;\"><strong><em>Dolno\u015bl\u0105skiej Szko\u0142y Policealnej Medycznej.<\/em><\/strong><\/h2>\n<h2 style=\"text-align: center;\"><strong>30.03.2023r.\u00a0 9:00 &#8211; 13:00<br \/>\n<\/strong><\/h2>\n<h3 style=\"text-align: left;\"><strong>W PROGRAMIE:<\/strong><\/h3>\n<p><strong><em># VIII <\/em><\/strong><strong><em>mi\u0119dzykierunkowe warsztaty prozdrowotne<\/em><\/strong><\/p>\n<ul>\n<li>Prezentacje kierunk\u00f3w \u2013 aula, godz. 9:10 \u2013 10:45 (<em>Czas przeznaczony na poszczeg\u00f3lne tematy mo\u017ce ulec niewielkiej modyfikacji<\/em>)<\/li>\n<\/ul>\n<ol>\n<li style=\"list-style-type: none;\">\n<ol>\n<li style=\"list-style-type: none;\">\n<ol>\n<li><em>\u201eDomowy protok\u00f3\u0142 higieny jamy ustnej\u201d [godz. 9:10 \u2013 9:30]<\/em><em>\u00a0 \u00a0 \u00a0kierunki: Higienistka stomatologiczna\/Asystentka stomatologiczna<\/em><\/li>\n<li><em>\u201eWp\u0142yw mikroflory jelitowej na zdrowie psychiczne \u201d [godz. 9:35 \u2013 9:55]<\/em><em>\u00a0 \u00a0 kierunek: Technik Farmaceutyczny<\/em><\/li>\n<li><em>\u201eKosmetyka w stomatologii\u201d [godz. 10:00 \u2013 10:20]\u00a0 \u00a0 \u00a0 <\/em><em>\u00a0kierunek: Technik Dentystyczny<\/em><\/li>\n<li><em>\u201eLepiej wcze\u015bniej ni\u017c p\u00f3\u017aniej- badania skriningowe\u201d [godz.10:25 \u2013 10:45]\u00a0 \u00a0 \u00a0 \u00a0<\/em><em>\u00a0kierunek: Technik Elektroradiolog<\/em><\/li>\n<\/ol>\n<\/li>\n<\/ol>\n<\/li>\n<\/ol>\n<ul>\n<li>Wykaz punkt\u00f3w warsztatowych<strong> &#8211; <\/strong>sala gimnastyczna<\/li>\n<\/ul>\n<ol>\n<li style=\"list-style-type: none;\">\n<ol>\n<li style=\"list-style-type: none;\">\n<ol>\n<li>Masa\u017c w s\u0142u\u017cbie zdrowiu \/Dolno\u015bl\u0105ski Specjalny O\u015brodek Szkolno-Wychowawczy nr 13<\/li>\n<li>Pomiar ci\u015bnienia \/TE<\/li>\n<li>Pomiar glukozy \/TF<\/li>\n<li>Pektyny prozdrowotnie \/TF<\/li>\n<li>Zadbaj o pi\u0119kny u\u015bmiech \/HS\/AS<\/li>\n<li>Techniki dentystyczne \/TD<\/li>\n<li>Nie tylko masa cia\u0142a \/TF<\/li>\n<li>Pomiary pulsoksymetrem \/TFs<\/li>\n<\/ol>\n<\/li>\n<\/ol>\n<\/li>\n<\/ol>\n<p><strong><em># Zwiedzenie pracowni poszczeg\u00f3lnych kierunk\u00f3w kszta\u0142cenia<\/em><\/strong><\/p>\n<p style=\"text-align: center;\"><strong><em>\u00a0<\/em>A po wszystkim zapraszamy na <em>degustacj\u0119 &#8211;\u00a0 dietetyczne ma\u0142e, co nieco!<\/em><\/strong><\/p>\n<p><img loading=\"lazy\" decoding=\"async\" class=\"wp-image-5886 aligncenter\" src=\"http:\/\/medyk.wroclaw.dolnyslask.pl\/wp-content\/uploads\/2023\/03\/3-300x191.png\" alt=\"\" width=\"524\" height=\"334\" srcset=\"https:\/\/medyk.wroclaw.dolnyslask.pl\/wp-content\/uploads\/2023\/03\/3-300x191.png 300w, https:\/\/medyk.wroclaw.dolnyslask.pl\/wp-content\/uploads\/2023\/03\/3.png 574w\" sizes=\"auto, (max-width: 524px) 100vw, 524px\" \/><\/p>\n<p>&nbsp;<\/p>\n<hr \/>\n<p>&nbsp;<\/p>\n","protected":false},"excerpt":{"rendered":"<p>Zapraszamy wszystkich zainteresowanych na DNI OTWARTE\u00a0 Dolno\u015bl\u0105skiej Szko\u0142y Policealnej Medycznej. 30.03.2023r.\u00a0 9:00 &#8211; 13:00 W PROGRAMIE: # VIII mi\u0119dzykierunkowe warsztaty prozdrowotne Prezentacje kierunk\u00f3w \u2013 aula, godz. 9:10 \u2013 10:45 (Czas [&hellip;]<\/p>\n","protected":false},"author":17,"featured_media":0,"comment_status":"open","ping_status":"open","sticky":false,"template":"","format":"standard","meta":{"footnotes":""},"categories":[1],"tags":[],"class_list":["post-5877","post","type-post","status-publish","format-standard","hentry","category-aktualnosci","clearfix"],"_links":{"self":[{"href":"https:\/\/medyk.wroclaw.dolnyslask.pl\/index.php\/wp-json\/wp\/v2\/posts\/5877","targetHints":{"allow":["GET"]}}],"collection":[{"href":"https:\/\/medyk.wroclaw.dolnyslask.pl\/index.php\/wp-json\/wp\/v2\/posts"}],"about":[{"href":"https:\/\/medyk.wroclaw.dolnyslask.pl\/index.php\/wp-json\/wp\/v2\/types\/post"}],"author":[{"embeddable":true,"href":"https:\/\/medyk.wroclaw.dolnyslask.pl\/index.php\/wp-json\/wp\/v2\/users\/17"}],"replies":[{"embeddable":true,"href":"https:\/\/medyk.wroclaw.dolnyslask.pl\/index.php\/wp-json\/wp\/v2\/comments?post=5877"}],"version-history":[{"count":11,"href":"https:\/\/medyk.wroclaw.dolnyslask.pl\/index.php\/wp-json\/wp\/v2\/posts\/5877\/revisions"}],"predecessor-version":[{"id":5931,"href":"https:\/\/medyk.wroclaw.dolnyslask.pl\/index.php\/wp-json\/wp\/v2\/posts\/5877\/revisions\/5931"}],"wp:attachment":[{"href":"https:\/\/medyk.wroclaw.dolnyslask.pl\/index.php\/wp-json\/wp\/v2\/media?parent=5877"}],"wp:term":[{"taxonomy":"category","embeddable":true,"href":"https:\/\/medyk.wroclaw.dolnyslask.pl\/index.php\/wp-json\/wp\/v2\/categories?post=5877"},{"taxonomy":"post_tag","embeddable":true,"href":"https:\/\/medyk.wroclaw.dolnyslask.pl\/index.php\/wp-json\/wp\/v2\/tags?post=5877"}],"curies":[{"name":"wp","href":"https:\/\/api.w.org\/{rel}","templated":true}]}}