{"id":6516,"date":"2023-05-06T10:57:16","date_gmt":"2023-05-06T08:57:16","guid":{"rendered":"http:\/\/medyk.wroclaw.dolnyslask.pl\/?p=6516"},"modified":"2023-05-06T10:57:16","modified_gmt":"2023-05-06T08:57:16","slug":"jedna-z-najlepszych-wsrod-nas","status":"publish","type":"post","link":"https:\/\/medyk.wroclaw.dolnyslask.pl\/index.php\/jedna-z-najlepszych-wsrod-nas\/2023\/05\/06\/ppowilan\/","title":{"rendered":"Jedna z najlepszych w\u015br\u00f3d nas"},"content":{"rendered":"<p>\ud83d\udcaa\ud83c\udffc W\u015br\u00f3d nagrodzonych przez Prezydenta Wroc\u0142awia Jacka Sutryka jest r\u00f3wnie\u017c nasza s\u0142uchaczka!!!<br \/>\n\ud83d\udcaa\ud83c\udffc Oliwia Szmigiel, jeste\u015bmy z Ciebie niezwykle dumni \u2764\ufe0f<br \/>\n\ud83d\udcaa\ud83c\udffc Serdecznie gratulujemy wszystkim laureatom \ud83d\udc90<\/p>\n<p><img loading=\"lazy\" decoding=\"async\" class=\"alignnone  wp-image-6519\" src=\"http:\/\/medyk.wroclaw.dolnyslask.pl\/wp-content\/uploads\/2023\/05\/344395991_969792467384705_5699961683601146002_n-300x225.jpg\" alt=\"\" width=\"619\" height=\"464\" srcset=\"https:\/\/medyk.wroclaw.dolnyslask.pl\/wp-content\/uploads\/2023\/05\/344395991_969792467384705_5699961683601146002_n-300x225.jpg 300w, https:\/\/medyk.wroclaw.dolnyslask.pl\/wp-content\/uploads\/2023\/05\/344395991_969792467384705_5699961683601146002_n-1024x768.jpg 1024w, https:\/\/medyk.wroclaw.dolnyslask.pl\/wp-content\/uploads\/2023\/05\/344395991_969792467384705_5699961683601146002_n-768x576.jpg 768w, https:\/\/medyk.wroclaw.dolnyslask.pl\/wp-content\/uploads\/2023\/05\/344395991_969792467384705_5699961683601146002_n-1536x1152.jpg 1536w, https:\/\/medyk.wroclaw.dolnyslask.pl\/wp-content\/uploads\/2023\/05\/344395991_969792467384705_5699961683601146002_n.jpg 1600w\" sizes=\"auto, (max-width: 619px) 100vw, 619px\" \/><img loading=\"lazy\" decoding=\"async\" class=\"alignnone  wp-image-6522\" src=\"http:\/\/medyk.wroclaw.dolnyslask.pl\/wp-content\/uploads\/2023\/05\/344553517_1391505548366715_930583993409289610_n-220x300.jpg\" alt=\"\" width=\"344\" height=\"469\" srcset=\"https:\/\/medyk.wroclaw.dolnyslask.pl\/wp-content\/uploads\/2023\/05\/344553517_1391505548366715_930583993409289610_n-220x300.jpg 220w, https:\/\/medyk.wroclaw.dolnyslask.pl\/wp-content\/uploads\/2023\/05\/344553517_1391505548366715_930583993409289610_n-750x1024.jpg 750w, https:\/\/medyk.wroclaw.dolnyslask.pl\/wp-content\/uploads\/2023\/05\/344553517_1391505548366715_930583993409289610_n-768x1048.jpg 768w, https:\/\/medyk.wroclaw.dolnyslask.pl\/wp-content\/uploads\/2023\/05\/344553517_1391505548366715_930583993409289610_n-1125x1536.jpg 1125w, https:\/\/medyk.wroclaw.dolnyslask.pl\/wp-content\/uploads\/2023\/05\/344553517_1391505548366715_930583993409289610_n.jpg 1170w\" sizes=\"auto, (max-width: 344px) 100vw, 344px\" \/><\/p>\n","protected":false},"excerpt":{"rendered":"<p>\ud83d\udcaa\ud83c\udffc W\u015br\u00f3d nagrodzonych przez Prezydenta Wroc\u0142awia Jacka Sutryka jest r\u00f3wnie\u017c nasza s\u0142uchaczka!!! \ud83d\udcaa\ud83c\udffc Oliwia Szmigiel, jeste\u015bmy z Ciebie niezwykle dumni \u2764\ufe0f \ud83d\udcaa\ud83c\udffc Serdecznie gratulujemy wszystkim laureatom \ud83d\udc90<\/p>\n","protected":false},"author":26,"featured_media":0,"comment_status":"open","ping_status":"open","sticky":false,"template":"","format":"standard","meta":{"footnotes":""},"categories":[1],"tags":[],"class_list":["post-6516","post","type-post","status-publish","format-standard","hentry","category-aktualnosci","clearfix"],"_links":{"self":[{"href":"https:\/\/medyk.wroclaw.dolnyslask.pl\/index.php\/wp-json\/wp\/v2\/posts\/6516","targetHints":{"allow":["GET"]}}],"collection":[{"href":"https:\/\/medyk.wroclaw.dolnyslask.pl\/index.php\/wp-json\/wp\/v2\/posts"}],"about":[{"href":"https:\/\/medyk.wroclaw.dolnyslask.pl\/index.php\/wp-json\/wp\/v2\/types\/post"}],"author":[{"embeddable":true,"href":"https:\/\/medyk.wroclaw.dolnyslask.pl\/index.php\/wp-json\/wp\/v2\/users\/26"}],"replies":[{"embeddable":true,"href":"https:\/\/medyk.wroclaw.dolnyslask.pl\/index.php\/wp-json\/wp\/v2\/comments?post=6516"}],"version-history":[{"count":2,"href":"https:\/\/medyk.wroclaw.dolnyslask.pl\/index.php\/wp-json\/wp\/v2\/posts\/6516\/revisions"}],"predecessor-version":[{"id":6528,"href":"https:\/\/medyk.wroclaw.dolnyslask.pl\/index.php\/wp-json\/wp\/v2\/posts\/6516\/revisions\/6528"}],"wp:attachment":[{"href":"https:\/\/medyk.wroclaw.dolnyslask.pl\/index.php\/wp-json\/wp\/v2\/media?parent=6516"}],"wp:term":[{"taxonomy":"category","embeddable":true,"href":"https:\/\/medyk.wroclaw.dolnyslask.pl\/index.php\/wp-json\/wp\/v2\/categories?post=6516"},{"taxonomy":"post_tag","embeddable":true,"href":"https:\/\/medyk.wroclaw.dolnyslask.pl\/index.php\/wp-json\/wp\/v2\/tags?post=6516"}],"curies":[{"name":"wp","href":"https:\/\/api.w.org\/{rel}","templated":true}]}}