{"id":6561,"date":"2023-05-09T20:19:44","date_gmt":"2023-05-09T18:19:44","guid":{"rendered":"http:\/\/medyk.wroclaw.dolnyslask.pl\/?p=6561"},"modified":"2023-05-09T20:19:44","modified_gmt":"2023-05-09T18:19:44","slug":"warstwus-nowy-na-elektroradiologii","status":"publish","type":"post","link":"https:\/\/medyk.wroclaw.dolnyslask.pl\/index.php\/warstwus-nowy-na-elektroradiologii\/2023\/05\/09\/ppowilan\/","title":{"rendered":"Warstwu\u015b! Nowy na elektroradiologii."},"content":{"rendered":"<p>Przedstawiamy wam nowego koleg\u0119 z elektroradiologii, o tymczasowym imieniu Warstwu\u015b \ud83d\ude02\u2622\ufe0f B\u0119dzie on pomaga\u0142 naszym s\u0142uchaczom w nauce o przekrojach, kt\u00f3re s\u0105 podstaw\u0105 m.in. obrazowania w tomografii komputerowej. Mamy nadziej\u0119 \u017ce polubicie si\u0119 z Warstwusiem \ud83d\ude0d<\/p>\n<p>A gdyby kto\u015b chcia\u0142 go pozna\u0107, a nie jest jeszcze naszym s\u0142uchaczem, to zapraszamy na rekrutacj\u0119, kt\u00f3ra startuje lada dzie\u0144 \u2764\ufe0f\ud83d\udc4d<\/p>\n<p>&nbsp;<\/p>\n<div id='pe-gallery-1' class='pe-gallery pe-gallery-6561 columns-3 img-size-medium'><div class='pe-row'><div class='col-md-4'><figure tabindex='0' class='pe-gallery-item ' ><div class='pe-gallery-image portrait'>\n\t\t\t\t\t\t\t<img loading=\"lazy\" decoding=\"async\" width=\"240\" height=\"300\" src=\"https:\/\/medyk.wroclaw.dolnyslask.pl\/wp-content\/uploads\/2023\/05\/1683655543634-240x300.webp\" class=\"attachment-medium size-medium\" alt=\"\" data-no-retina=\"\" srcset=\"https:\/\/medyk.wroclaw.dolnyslask.pl\/wp-content\/uploads\/2023\/05\/1683655543634-240x300.webp 240w, https:\/\/medyk.wroclaw.dolnyslask.pl\/wp-content\/uploads\/2023\/05\/1683655543634-819x1024.webp 819w, https:\/\/medyk.wroclaw.dolnyslask.pl\/wp-content\/uploads\/2023\/05\/1683655543634-768x960.webp 768w, https:\/\/medyk.wroclaw.dolnyslask.pl\/wp-content\/uploads\/2023\/05\/1683655543634.webp 1200w\" sizes=\"auto, (max-width: 240px) 100vw, 240px\" \/>\n\t\t\t\t\t\t<\/div><\/figure><\/div><div class='col-md-4'><figure tabindex='0' class='pe-gallery-item ' ><div class='pe-gallery-image portrait'>\n\t\t\t\t\t\t\t<img loading=\"lazy\" decoding=\"async\" width=\"240\" height=\"300\" src=\"https:\/\/medyk.wroclaw.dolnyslask.pl\/wp-content\/uploads\/2023\/05\/1683655543651-240x300.webp\" class=\"attachment-medium size-medium\" alt=\"\" data-no-retina=\"\" srcset=\"https:\/\/medyk.wroclaw.dolnyslask.pl\/wp-content\/uploads\/2023\/05\/1683655543651-240x300.webp 240w, https:\/\/medyk.wroclaw.dolnyslask.pl\/wp-content\/uploads\/2023\/05\/1683655543651-819x1024.webp 819w, https:\/\/medyk.wroclaw.dolnyslask.pl\/wp-content\/uploads\/2023\/05\/1683655543651-768x960.webp 768w, https:\/\/medyk.wroclaw.dolnyslask.pl\/wp-content\/uploads\/2023\/05\/1683655543651.webp 1200w\" sizes=\"auto, (max-width: 240px) 100vw, 240px\" \/>\n\t\t\t\t\t\t<\/div><\/figure><\/div><div class='col-md-4'><figure tabindex='0' class='pe-gallery-item ' ><div class='pe-gallery-image portrait'>\n\t\t\t\t\t\t\t<img loading=\"lazy\" decoding=\"async\" width=\"240\" height=\"300\" src=\"https:\/\/medyk.wroclaw.dolnyslask.pl\/wp-content\/uploads\/2023\/05\/1683655543665-1-240x300.webp\" class=\"attachment-medium size-medium\" alt=\"\" data-no-retina=\"\" srcset=\"https:\/\/medyk.wroclaw.dolnyslask.pl\/wp-content\/uploads\/2023\/05\/1683655543665-1-240x300.webp 240w, https:\/\/medyk.wroclaw.dolnyslask.pl\/wp-content\/uploads\/2023\/05\/1683655543665-1-819x1024.webp 819w, https:\/\/medyk.wroclaw.dolnyslask.pl\/wp-content\/uploads\/2023\/05\/1683655543665-1-768x960.webp 768w, https:\/\/medyk.wroclaw.dolnyslask.pl\/wp-content\/uploads\/2023\/05\/1683655543665-1.webp 1200w\" sizes=\"auto, (max-width: 240px) 100vw, 240px\" \/>\n\t\t\t\t\t\t<\/div><\/figure><\/div><div class='col-md-4'><figure tabindex='0' class='pe-gallery-item ' ><div class='pe-gallery-image portrait'>\n\t\t\t\t\t\t\t<img loading=\"lazy\" decoding=\"async\" width=\"240\" height=\"300\" src=\"https:\/\/medyk.wroclaw.dolnyslask.pl\/wp-content\/uploads\/2023\/05\/1683655543678-240x300.webp\" class=\"attachment-medium size-medium\" alt=\"\" data-no-retina=\"\" srcset=\"https:\/\/medyk.wroclaw.dolnyslask.pl\/wp-content\/uploads\/2023\/05\/1683655543678-240x300.webp 240w, https:\/\/medyk.wroclaw.dolnyslask.pl\/wp-content\/uploads\/2023\/05\/1683655543678-819x1024.webp 819w, https:\/\/medyk.wroclaw.dolnyslask.pl\/wp-content\/uploads\/2023\/05\/1683655543678-768x960.webp 768w, https:\/\/medyk.wroclaw.dolnyslask.pl\/wp-content\/uploads\/2023\/05\/1683655543678.webp 1200w\" sizes=\"auto, (max-width: 240px) 100vw, 240px\" \/>\n\t\t\t\t\t\t<\/div><\/figure><\/div><div class='col-md-4'><figure tabindex='0' class='pe-gallery-item ' ><div class='pe-gallery-image portrait'>\n\t\t\t\t\t\t\t<img loading=\"lazy\" decoding=\"async\" width=\"240\" height=\"300\" src=\"https:\/\/medyk.wroclaw.dolnyslask.pl\/wp-content\/uploads\/2023\/05\/1683655543692-1-240x300.webp\" class=\"attachment-medium size-medium\" alt=\"\" data-no-retina=\"\" srcset=\"https:\/\/medyk.wroclaw.dolnyslask.pl\/wp-content\/uploads\/2023\/05\/1683655543692-1-240x300.webp 240w, https:\/\/medyk.wroclaw.dolnyslask.pl\/wp-content\/uploads\/2023\/05\/1683655543692-1-819x1024.webp 819w, https:\/\/medyk.wroclaw.dolnyslask.pl\/wp-content\/uploads\/2023\/05\/1683655543692-1-768x960.webp 768w, https:\/\/medyk.wroclaw.dolnyslask.pl\/wp-content\/uploads\/2023\/05\/1683655543692-1.webp 1200w\" sizes=\"auto, (max-width: 240px) 100vw, 240px\" \/>\n\t\t\t\t\t\t<\/div><\/figure><\/div><div class='col-md-4'><figure tabindex='0' class='pe-gallery-item ' ><div class='pe-gallery-image portrait'>\n\t\t\t\t\t\t\t<img loading=\"lazy\" decoding=\"async\" width=\"240\" height=\"300\" src=\"https:\/\/medyk.wroclaw.dolnyslask.pl\/wp-content\/uploads\/2023\/05\/1683655543707-1-240x300.webp\" class=\"attachment-medium size-medium\" alt=\"\" data-no-retina=\"\" srcset=\"https:\/\/medyk.wroclaw.dolnyslask.pl\/wp-content\/uploads\/2023\/05\/1683655543707-1-240x300.webp 240w, https:\/\/medyk.wroclaw.dolnyslask.pl\/wp-content\/uploads\/2023\/05\/1683655543707-1-819x1024.webp 819w, https:\/\/medyk.wroclaw.dolnyslask.pl\/wp-content\/uploads\/2023\/05\/1683655543707-1-768x960.webp 768w, https:\/\/medyk.wroclaw.dolnyslask.pl\/wp-content\/uploads\/2023\/05\/1683655543707-1.webp 1200w\" sizes=\"auto, (max-width: 240px) 100vw, 240px\" \/>\n\t\t\t\t\t\t<\/div><\/figure><\/div><\/div><\/div>\n\n<p>&nbsp;<\/p>\n<p>#materia\u0142yedukacyjne #szkola_medyczna #szkolapolicealna #dspm #DSPM #dspm_wroclaw #technikelektroradiolog<\/p>\n","protected":false},"excerpt":{"rendered":"<p>Przedstawiamy wam nowego koleg\u0119 z elektroradiologii, o tymczasowym imieniu Warstwu\u015b \ud83d\ude02\u2622\ufe0f B\u0119dzie on pomaga\u0142 naszym s\u0142uchaczom w nauce o przekrojach, kt\u00f3re s\u0105 podstaw\u0105 m.in. obrazowania w tomografii komputerowej. Mamy nadziej\u0119 [&hellip;]<\/p>\n","protected":false},"author":26,"featured_media":0,"comment_status":"open","ping_status":"open","sticky":false,"template":"","format":"standard","meta":{"footnotes":""},"categories":[1],"tags":[],"class_list":["post-6561","post","type-post","status-publish","format-standard","hentry","category-aktualnosci","clearfix"],"_links":{"self":[{"href":"https:\/\/medyk.wroclaw.dolnyslask.pl\/index.php\/wp-json\/wp\/v2\/posts\/6561","targetHints":{"allow":["GET"]}}],"collection":[{"href":"https:\/\/medyk.wroclaw.dolnyslask.pl\/index.php\/wp-json\/wp\/v2\/posts"}],"about":[{"href":"https:\/\/medyk.wroclaw.dolnyslask.pl\/index.php\/wp-json\/wp\/v2\/types\/post"}],"author":[{"embeddable":true,"href":"https:\/\/medyk.wroclaw.dolnyslask.pl\/index.php\/wp-json\/wp\/v2\/users\/26"}],"replies":[{"embeddable":true,"href":"https:\/\/medyk.wroclaw.dolnyslask.pl\/index.php\/wp-json\/wp\/v2\/comments?post=6561"}],"version-history":[{"count":2,"href":"https:\/\/medyk.wroclaw.dolnyslask.pl\/index.php\/wp-json\/wp\/v2\/posts\/6561\/revisions"}],"predecessor-version":[{"id":6585,"href":"https:\/\/medyk.wroclaw.dolnyslask.pl\/index.php\/wp-json\/wp\/v2\/posts\/6561\/revisions\/6585"}],"wp:attachment":[{"href":"https:\/\/medyk.wroclaw.dolnyslask.pl\/index.php\/wp-json\/wp\/v2\/media?parent=6561"}],"wp:term":[{"taxonomy":"category","embeddable":true,"href":"https:\/\/medyk.wroclaw.dolnyslask.pl\/index.php\/wp-json\/wp\/v2\/categories?post=6561"},{"taxonomy":"post_tag","embeddable":true,"href":"https:\/\/medyk.wroclaw.dolnyslask.pl\/index.php\/wp-json\/wp\/v2\/tags?post=6561"}],"curies":[{"name":"wp","href":"https:\/\/api.w.org\/{rel}","templated":true}]}}