{"id":6587,"date":"2023-05-12T19:19:31","date_gmt":"2023-05-12T17:19:31","guid":{"rendered":"http:\/\/medyk.wroclaw.dolnyslask.pl\/?p=6587"},"modified":"2023-05-12T19:19:31","modified_gmt":"2023-05-12T17:19:31","slug":"muzeum-lamp-rentgenowskich-politechniki-opolskiej","status":"publish","type":"post","link":"https:\/\/medyk.wroclaw.dolnyslask.pl\/index.php\/muzeum-lamp-rentgenowskich-politechniki-opolskiej\/2023\/05\/12\/ppowilan\/","title":{"rendered":"Muzeum Lamp Rentgenowskich Politechniki Opolskiej"},"content":{"rendered":"<h3>We wtorek (9.05.2023) nasi s\u0142uchacze z kierunku technik elektroradiologii, wybrali si\u0119 wraz z nauczycielami (mgr in\u017c. Izabel\u0105 Polo\u0144sk\u0105, wicedyrektor dr Ew\u0105 Wr\u00f3bel, tech. Paw\u0142em Polusem) na wycieczk\u0119 do Opola, a \u015bci\u015ble m\u00f3wi\u0105c do <a href=\"https:\/\/muzeauczelniane.pl\/politechniki-opolskiej-i-lamp-rentgenowskich\/\">Muzeum Lamp Rentgenowskich Politechniki Opolskiej<\/a> . S\u0142uchacze wzi\u0119li\u00a0 udzia\u0142 w bardzo ciekawym wyk\u0142adzie, prowadzonym przez dr in\u017c. Grzegorza Jezierskiego, a nast\u0119pnie wraz z doktorem zwiedzili ca\u0142e muzeum, odkrywaj\u0105c tajemnice Lamp Rentgenowskich (tych do cel\u00f3w medycznych i nie tylko). W\u015br\u00f3d eksponat\u00f3w znalaz\u0142a si\u0119 siostrzana lampa, tej na kt\u00f3rej w szkole praktykuj\u0105 s\u0142uchacze \ud83d\ude42<\/h3>\n<h3>Jak wida\u0107, w szkole policealnej &#8220;wycieczki szkolne&#8221; r\u00f3wnie\u017c s\u0105 organizowane! Wi\u0119cej zdj\u0119\u0107 &#8211; w galerii szkolnej \ud83d\ude42<\/h3>\n<div id='pe-gallery-1' class='pe-gallery pe-gallery-6587 columns-3 img-size-large'><div class='pe-row'><div class='col-md-4'><figure tabindex='0' class='pe-gallery-item pe-gallery-modal' data-mfp-src='#modal-gallery-1-6593'><div class='pe-gallery-image landscape'>\n\t\t\t\t\t\t\t<img loading=\"lazy\" decoding=\"async\" width=\"1024\" height=\"683\" src=\"https:\/\/medyk.wroclaw.dolnyslask.pl\/wp-content\/uploads\/2023\/05\/DSC07768-1024x683.jpg\" class=\"attachment-large size-large\" alt=\"\" data-no-retina=\"\" srcset=\"https:\/\/medyk.wroclaw.dolnyslask.pl\/wp-content\/uploads\/2023\/05\/DSC07768-1024x683.jpg 1024w, https:\/\/medyk.wroclaw.dolnyslask.pl\/wp-content\/uploads\/2023\/05\/DSC07768-300x200.jpg 300w, https:\/\/medyk.wroclaw.dolnyslask.pl\/wp-content\/uploads\/2023\/05\/DSC07768-768x512.jpg 768w, https:\/\/medyk.wroclaw.dolnyslask.pl\/wp-content\/uploads\/2023\/05\/DSC07768-1536x1024.jpg 1536w, https:\/\/medyk.wroclaw.dolnyslask.pl\/wp-content\/uploads\/2023\/05\/DSC07768-2048x1365.jpg 2048w\" sizes=\"auto, (max-width: 1024px) 100vw, 1024px\" \/>\n\t\t\t\t\t\t<\/div><\/figure><div id='modal-gallery-1-6593' class='mfp-modal-content mfp-hide' tabindex='-1' role='dialog' aria-labelledby='gallery-1-6593' style='max-width: 2560px;><h4 id='gallery-1-6593'><\/h4><div class='pe-gallery-full-image'><img loading=\"lazy\" decoding=\"async\" width=\"2560\" height=\"1707\" src=\"https:\/\/medyk.wroclaw.dolnyslask.pl\/wp-content\/uploads\/2023\/05\/DSC07768-scaled.jpg\" class=\"attachment-full size-full\" alt=\"\" data-no-retina=\"\" srcset=\"https:\/\/medyk.wroclaw.dolnyslask.pl\/wp-content\/uploads\/2023\/05\/DSC07768-scaled.jpg 2560w, https:\/\/medyk.wroclaw.dolnyslask.pl\/wp-content\/uploads\/2023\/05\/DSC07768-300x200.jpg 300w, https:\/\/medyk.wroclaw.dolnyslask.pl\/wp-content\/uploads\/2023\/05\/DSC07768-1024x683.jpg 1024w, https:\/\/medyk.wroclaw.dolnyslask.pl\/wp-content\/uploads\/2023\/05\/DSC07768-768x512.jpg 768w, https:\/\/medyk.wroclaw.dolnyslask.pl\/wp-content\/uploads\/2023\/05\/DSC07768-1536x1024.jpg 1536w, https:\/\/medyk.wroclaw.dolnyslask.pl\/wp-content\/uploads\/2023\/05\/DSC07768-2048x1365.jpg 2048w\" sizes=\"auto, (max-width: 2560px) 100vw, 2560px\" \/><\/div><p><\/p><\/div><\/div><div class='col-md-4'><figure tabindex='0' class='pe-gallery-item pe-gallery-modal' data-mfp-src='#modal-gallery-1-6590'><div class='pe-gallery-image landscape'>\n\t\t\t\t\t\t\t<img loading=\"lazy\" decoding=\"async\" width=\"1024\" height=\"683\" src=\"https:\/\/medyk.wroclaw.dolnyslask.pl\/wp-content\/uploads\/2023\/05\/DSC07763-1024x683.jpg\" class=\"attachment-large size-large\" alt=\"\" data-no-retina=\"\" srcset=\"https:\/\/medyk.wroclaw.dolnyslask.pl\/wp-content\/uploads\/2023\/05\/DSC07763-1024x683.jpg 1024w, https:\/\/medyk.wroclaw.dolnyslask.pl\/wp-content\/uploads\/2023\/05\/DSC07763-300x200.jpg 300w, https:\/\/medyk.wroclaw.dolnyslask.pl\/wp-content\/uploads\/2023\/05\/DSC07763-768x512.jpg 768w, https:\/\/medyk.wroclaw.dolnyslask.pl\/wp-content\/uploads\/2023\/05\/DSC07763-1536x1024.jpg 1536w, https:\/\/medyk.wroclaw.dolnyslask.pl\/wp-content\/uploads\/2023\/05\/DSC07763-2048x1365.jpg 2048w\" sizes=\"auto, (max-width: 1024px) 100vw, 1024px\" \/>\n\t\t\t\t\t\t<\/div><\/figure><div id='modal-gallery-1-6590' class='mfp-modal-content mfp-hide' tabindex='-1' role='dialog' aria-labelledby='gallery-1-6590' style='max-width: 2560px;><h4 id='gallery-1-6590'><\/h4><div class='pe-gallery-full-image'><img loading=\"lazy\" decoding=\"async\" width=\"2560\" height=\"1707\" src=\"https:\/\/medyk.wroclaw.dolnyslask.pl\/wp-content\/uploads\/2023\/05\/DSC07763-scaled.jpg\" class=\"attachment-full size-full\" alt=\"\" data-no-retina=\"\" srcset=\"https:\/\/medyk.wroclaw.dolnyslask.pl\/wp-content\/uploads\/2023\/05\/DSC07763-scaled.jpg 2560w, https:\/\/medyk.wroclaw.dolnyslask.pl\/wp-content\/uploads\/2023\/05\/DSC07763-300x200.jpg 300w, https:\/\/medyk.wroclaw.dolnyslask.pl\/wp-content\/uploads\/2023\/05\/DSC07763-1024x683.jpg 1024w, https:\/\/medyk.wroclaw.dolnyslask.pl\/wp-content\/uploads\/2023\/05\/DSC07763-768x512.jpg 768w, https:\/\/medyk.wroclaw.dolnyslask.pl\/wp-content\/uploads\/2023\/05\/DSC07763-1536x1024.jpg 1536w, https:\/\/medyk.wroclaw.dolnyslask.pl\/wp-content\/uploads\/2023\/05\/DSC07763-2048x1365.jpg 2048w\" sizes=\"auto, (max-width: 2560px) 100vw, 2560px\" \/><\/div><p><\/p><\/div><\/div><\/div><\/div>\n\n<h3><\/h3>\n","protected":false},"excerpt":{"rendered":"<p>We wtorek (9.05.2023) nasi s\u0142uchacze z kierunku technik elektroradiologii, wybrali si\u0119 wraz z nauczycielami (mgr in\u017c. Izabel\u0105 Polo\u0144sk\u0105, wicedyrektor dr Ew\u0105 Wr\u00f3bel, tech. Paw\u0142em Polusem) na wycieczk\u0119 do Opola, a [&hellip;]<\/p>\n","protected":false},"author":26,"featured_media":0,"comment_status":"open","ping_status":"open","sticky":false,"template":"","format":"standard","meta":{"footnotes":""},"categories":[1],"tags":[],"class_list":["post-6587","post","type-post","status-publish","format-standard","hentry","category-aktualnosci","clearfix"],"_links":{"self":[{"href":"https:\/\/medyk.wroclaw.dolnyslask.pl\/index.php\/wp-json\/wp\/v2\/posts\/6587","targetHints":{"allow":["GET"]}}],"collection":[{"href":"https:\/\/medyk.wroclaw.dolnyslask.pl\/index.php\/wp-json\/wp\/v2\/posts"}],"about":[{"href":"https:\/\/medyk.wroclaw.dolnyslask.pl\/index.php\/wp-json\/wp\/v2\/types\/post"}],"author":[{"embeddable":true,"href":"https:\/\/medyk.wroclaw.dolnyslask.pl\/index.php\/wp-json\/wp\/v2\/users\/26"}],"replies":[{"embeddable":true,"href":"https:\/\/medyk.wroclaw.dolnyslask.pl\/index.php\/wp-json\/wp\/v2\/comments?post=6587"}],"version-history":[{"count":3,"href":"https:\/\/medyk.wroclaw.dolnyslask.pl\/index.php\/wp-json\/wp\/v2\/posts\/6587\/revisions"}],"predecessor-version":[{"id":6602,"href":"https:\/\/medyk.wroclaw.dolnyslask.pl\/index.php\/wp-json\/wp\/v2\/posts\/6587\/revisions\/6602"}],"wp:attachment":[{"href":"https:\/\/medyk.wroclaw.dolnyslask.pl\/index.php\/wp-json\/wp\/v2\/media?parent=6587"}],"wp:term":[{"taxonomy":"category","embeddable":true,"href":"https:\/\/medyk.wroclaw.dolnyslask.pl\/index.php\/wp-json\/wp\/v2\/categories?post=6587"},{"taxonomy":"post_tag","embeddable":true,"href":"https:\/\/medyk.wroclaw.dolnyslask.pl\/index.php\/wp-json\/wp\/v2\/tags?post=6587"}],"curies":[{"name":"wp","href":"https:\/\/api.w.org\/{rel}","templated":true}]}}