{"id":6701,"date":"2023-05-17T07:35:11","date_gmt":"2023-05-17T05:35:11","guid":{"rendered":"http:\/\/medyk.wroclaw.dolnyslask.pl\/?p=6701"},"modified":"2023-05-17T07:37:06","modified_gmt":"2023-05-17T05:37:06","slug":"xviii-edycji-konkursu-ucze-sie-bezpiecznie-zyc","status":"publish","type":"post","link":"https:\/\/medyk.wroclaw.dolnyslask.pl\/index.php\/xviii-edycji-konkursu-ucze-sie-bezpiecznie-zyc\/2023\/05\/17\/ppowilan\/","title":{"rendered":"XVIII edycji konkursu &#8220;Ucz\u0119 si\u0119 bezpiecznie \u017cy\u0107&#8221;"},"content":{"rendered":"<div class=\"\" dir=\"auto\">\n<div id=\":r8i:\" class=\"x1iorvi4 x1pi30zi x1l90r2v x1swvt13\" data-ad-comet-preview=\"message\" data-ad-preview=\"message\">\n<div class=\"x78zum5 xdt5ytf xz62fqu x16ldp7u\">\n<div class=\"xu06os2 x1ok221b\">\n<div class=\"xdj266r x11i5rnm xat24cr x1mh8g0r x1vvkbs x126k92a\">\n<div dir=\"auto\">W dniu 15.05.2023, nasi s\u0142uchacze z elektroradiologii wraz z Pani\u0105 Wicedyrektor dr Ew\u0105 Wr\u00f3bel, ponownie pomagali podczas XVIII edycji konkursu &#8220;Ucz\u0119 si\u0119 bezpiecznie \u017cy\u0107&#8221;. Gratulujemy wszystkim zwyci\u0119zcom fina\u0142u! Jeste\u015bmy pod wra\u017ceniem waszej wiedzy medycznej. Mo\u017ce za kilka lat spotkamy si\u0119 na korytarzach naszej szko\u0142y? My serdecznie zapraszamy! A w podzi\u0119kowaniu za pomoc, nasi s\u0142uchacze otrzymali dyplomy, a szko\u0142a dyplom i medal! Widzimy si\u0119 za rok!<\/div>\n<\/div>\n<div dir=\"auto\">&#8211;<\/div>\n<div dir=\"auto\">&#8211;<\/div>\n<div class=\"xdj266r x11i5rnm xat24cr x1mh8g0r x1vvkbs x126k92a\">\n<div dir=\"auto\"><\/div>\n<div dir=\"auto\">\n<div id='pe-gallery-1' class='pe-gallery pe-gallery-6701 columns-3 img-size-medium'><div class='pe-row'><div class='col-md-4'><figure tabindex='0' class='pe-gallery-item ' ><div class='pe-gallery-image landscape'>\n\t\t\t\t\t\t\t<img loading=\"lazy\" decoding=\"async\" width=\"300\" height=\"225\" src=\"https:\/\/medyk.wroclaw.dolnyslask.pl\/wp-content\/uploads\/2023\/05\/346112965_196310653286815_5624051577566889214_n-300x225.jpg\" class=\"attachment-medium size-medium\" alt=\"\" data-no-retina=\"\" srcset=\"https:\/\/medyk.wroclaw.dolnyslask.pl\/wp-content\/uploads\/2023\/05\/346112965_196310653286815_5624051577566889214_n-300x225.jpg 300w, https:\/\/medyk.wroclaw.dolnyslask.pl\/wp-content\/uploads\/2023\/05\/346112965_196310653286815_5624051577566889214_n-1024x768.jpg 1024w, https:\/\/medyk.wroclaw.dolnyslask.pl\/wp-content\/uploads\/2023\/05\/346112965_196310653286815_5624051577566889214_n-768x576.jpg 768w, https:\/\/medyk.wroclaw.dolnyslask.pl\/wp-content\/uploads\/2023\/05\/346112965_196310653286815_5624051577566889214_n-1536x1152.jpg 1536w, https:\/\/medyk.wroclaw.dolnyslask.pl\/wp-content\/uploads\/2023\/05\/346112965_196310653286815_5624051577566889214_n.jpg 1600w\" sizes=\"auto, (max-width: 300px) 100vw, 300px\" \/>\n\t\t\t\t\t\t<\/div><\/figure><\/div><div class='col-md-4'><figure tabindex='0' class='pe-gallery-item ' ><div class='pe-gallery-image landscape'>\n\t\t\t\t\t\t\t<img loading=\"lazy\" decoding=\"async\" width=\"300\" height=\"300\" src=\"https:\/\/medyk.wroclaw.dolnyslask.pl\/wp-content\/uploads\/2023\/05\/346113194_621769699865635_658241684883322994_n-300x300.jpg\" class=\"attachment-medium size-medium\" alt=\"\" data-no-retina=\"\" srcset=\"https:\/\/medyk.wroclaw.dolnyslask.pl\/wp-content\/uploads\/2023\/05\/346113194_621769699865635_658241684883322994_n-300x300.jpg 300w, https:\/\/medyk.wroclaw.dolnyslask.pl\/wp-content\/uploads\/2023\/05\/346113194_621769699865635_658241684883322994_n-1024x1024.jpg 1024w, https:\/\/medyk.wroclaw.dolnyslask.pl\/wp-content\/uploads\/2023\/05\/346113194_621769699865635_658241684883322994_n-150x150.jpg 150w, https:\/\/medyk.wroclaw.dolnyslask.pl\/wp-content\/uploads\/2023\/05\/346113194_621769699865635_658241684883322994_n-768x768.jpg 768w, https:\/\/medyk.wroclaw.dolnyslask.pl\/wp-content\/uploads\/2023\/05\/346113194_621769699865635_658241684883322994_n.jpg 1440w\" sizes=\"auto, (max-width: 300px) 100vw, 300px\" \/>\n\t\t\t\t\t\t<\/div><\/figure><\/div><div class='col-md-4'><figure tabindex='0' class='pe-gallery-item ' ><div class='pe-gallery-image landscape'>\n\t\t\t\t\t\t\t<img loading=\"lazy\" decoding=\"async\" width=\"300\" height=\"225\" src=\"https:\/\/medyk.wroclaw.dolnyslask.pl\/wp-content\/uploads\/2023\/05\/346115100_6489910434366630_4080609126414076281_n-300x225.jpg\" class=\"attachment-medium size-medium\" alt=\"\" data-no-retina=\"\" srcset=\"https:\/\/medyk.wroclaw.dolnyslask.pl\/wp-content\/uploads\/2023\/05\/346115100_6489910434366630_4080609126414076281_n-300x225.jpg 300w, https:\/\/medyk.wroclaw.dolnyslask.pl\/wp-content\/uploads\/2023\/05\/346115100_6489910434366630_4080609126414076281_n-1024x768.jpg 1024w, https:\/\/medyk.wroclaw.dolnyslask.pl\/wp-content\/uploads\/2023\/05\/346115100_6489910434366630_4080609126414076281_n-768x576.jpg 768w, https:\/\/medyk.wroclaw.dolnyslask.pl\/wp-content\/uploads\/2023\/05\/346115100_6489910434366630_4080609126414076281_n-1536x1152.jpg 1536w, https:\/\/medyk.wroclaw.dolnyslask.pl\/wp-content\/uploads\/2023\/05\/346115100_6489910434366630_4080609126414076281_n.jpg 2000w\" sizes=\"auto, (max-width: 300px) 100vw, 300px\" \/>\n\t\t\t\t\t\t<\/div><\/figure><\/div><\/div><\/div>\n\n<\/div>\n<\/div>\n<\/div>\n<\/div>\n<\/div>\n<\/div>\n","protected":false},"excerpt":{"rendered":"<p>W dniu 15.05.2023, nasi s\u0142uchacze z elektroradiologii wraz z Pani\u0105 Wicedyrektor dr Ew\u0105 Wr\u00f3bel, ponownie pomagali podczas XVIII edycji konkursu &#8220;Ucz\u0119 si\u0119 bezpiecznie \u017cy\u0107&#8221;. Gratulujemy wszystkim zwyci\u0119zcom fina\u0142u! Jeste\u015bmy pod [&hellip;]<\/p>\n","protected":false},"author":26,"featured_media":0,"comment_status":"open","ping_status":"open","sticky":false,"template":"","format":"standard","meta":{"footnotes":""},"categories":[1],"tags":[],"class_list":["post-6701","post","type-post","status-publish","format-standard","hentry","category-aktualnosci","clearfix"],"_links":{"self":[{"href":"https:\/\/medyk.wroclaw.dolnyslask.pl\/index.php\/wp-json\/wp\/v2\/posts\/6701","targetHints":{"allow":["GET"]}}],"collection":[{"href":"https:\/\/medyk.wroclaw.dolnyslask.pl\/index.php\/wp-json\/wp\/v2\/posts"}],"about":[{"href":"https:\/\/medyk.wroclaw.dolnyslask.pl\/index.php\/wp-json\/wp\/v2\/types\/post"}],"author":[{"embeddable":true,"href":"https:\/\/medyk.wroclaw.dolnyslask.pl\/index.php\/wp-json\/wp\/v2\/users\/26"}],"replies":[{"embeddable":true,"href":"https:\/\/medyk.wroclaw.dolnyslask.pl\/index.php\/wp-json\/wp\/v2\/comments?post=6701"}],"version-history":[{"count":5,"href":"https:\/\/medyk.wroclaw.dolnyslask.pl\/index.php\/wp-json\/wp\/v2\/posts\/6701\/revisions"}],"predecessor-version":[{"id":6719,"href":"https:\/\/medyk.wroclaw.dolnyslask.pl\/index.php\/wp-json\/wp\/v2\/posts\/6701\/revisions\/6719"}],"wp:attachment":[{"href":"https:\/\/medyk.wroclaw.dolnyslask.pl\/index.php\/wp-json\/wp\/v2\/media?parent=6701"}],"wp:term":[{"taxonomy":"category","embeddable":true,"href":"https:\/\/medyk.wroclaw.dolnyslask.pl\/index.php\/wp-json\/wp\/v2\/categories?post=6701"},{"taxonomy":"post_tag","embeddable":true,"href":"https:\/\/medyk.wroclaw.dolnyslask.pl\/index.php\/wp-json\/wp\/v2\/tags?post=6701"}],"curies":[{"name":"wp","href":"https:\/\/api.w.org\/{rel}","templated":true}]}}