{"id":6811,"date":"2023-05-25T11:06:11","date_gmt":"2023-05-25T09:06:11","guid":{"rendered":"http:\/\/medyk.wroclaw.dolnyslask.pl\/?p=6811"},"modified":"2023-05-25T11:06:11","modified_gmt":"2023-05-25T09:06:11","slug":"badamy-nie-tylko-mamy","status":"publish","type":"post","link":"https:\/\/medyk.wroclaw.dolnyslask.pl\/index.php\/badamy-nie-tylko-mamy\/2023\/05\/25\/ppowilan\/","title":{"rendered":"BADAMY NIE TYLKO MAMY"},"content":{"rendered":"<div class=\"\" dir=\"auto\">\n<div id=\":r88:\" class=\"x1iorvi4 x1pi30zi x1l90r2v x1swvt13\" data-ad-comet-preview=\"message\" data-ad-preview=\"message\">\n<div class=\"x78zum5 xdt5ytf xz62fqu x16ldp7u\">\n<div class=\"xu06os2 x1ok221b\">\n<div class=\"xdj266r x11i5rnm xat24cr x1mh8g0r x1vvkbs x126k92a\">\n<div dir=\"auto\" style=\"text-align: center;\">W dzie\u0144 mamy (26.05.2023), s\u0142uchacze naszej szko\u0142y wraz z nauczycielami, wezm\u0105 udzia\u0142 w akcji edukacyjnej BADAMY NIE TYLKO MAMY, organizowanej przez Stowarzyszenie &#8220;Amazonki&#8221;.<\/div>\n<div dir=\"auto\" style=\"text-align: center;\">Jest to tematyka bliska naszej szkole, dlatego bez zastanawiania si\u0119 zg\u0142osili\u015bmy ch\u0119\u0107 uczestnictwa!<\/div>\n<div dir=\"auto\" style=\"text-align: center;\">Zapraszamy wszystkich zainteresowanych w dniu jutrzejszym na ulic\u0119 O\u0142awsk\u0105 w godzinach 12-14\u00a0 <span class=\"x3nfvp2 x1j61x8r x1fcty0u xdj266r xhhsvwb xat24cr xgzva0m xxymvpz xlup9mm x1kky2od\">\ud83d\ude42<\/span><\/div>\n<\/div>\n<\/div>\n<\/div>\n<\/div>\n<\/div>\n<div dir=\"auto\" style=\"text-align: center;\">.<\/div>\n<div class=\"\" dir=\"auto\">\n<div id=\":r88:\" class=\"x1iorvi4 x1pi30zi x1l90r2v x1swvt13\" data-ad-comet-preview=\"message\" data-ad-preview=\"message\">\n<div class=\"x78zum5 xdt5ytf xz62fqu x16ldp7u\">\n<div class=\"xu06os2 x1ok221b\">\n<div class=\"xdj266r x11i5rnm xat24cr x1mh8g0r x1vvkbs x126k92a\">\n<div dir=\"auto\"><\/div>\n<\/div>\n<\/div>\n<\/div>\n<div dir=\"auto\"><img loading=\"lazy\" decoding=\"async\" class=\" wp-image-6814 aligncenter\" src=\"http:\/\/medyk.wroclaw.dolnyslask.pl\/wp-content\/uploads\/2023\/05\/plakat-amazonki-212x300.png\" alt=\"\" width=\"483\" height=\"684\" srcset=\"https:\/\/medyk.wroclaw.dolnyslask.pl\/wp-content\/uploads\/2023\/05\/plakat-amazonki-212x300.png 212w, https:\/\/medyk.wroclaw.dolnyslask.pl\/wp-content\/uploads\/2023\/05\/plakat-amazonki-724x1024.png 724w, https:\/\/medyk.wroclaw.dolnyslask.pl\/wp-content\/uploads\/2023\/05\/plakat-amazonki-768x1086.png 768w, https:\/\/medyk.wroclaw.dolnyslask.pl\/wp-content\/uploads\/2023\/05\/plakat-amazonki-1086x1536.png 1086w, https:\/\/medyk.wroclaw.dolnyslask.pl\/wp-content\/uploads\/2023\/05\/plakat-amazonki-1448x2048.png 1448w\" sizes=\"auto, (max-width: 483px) 100vw, 483px\" \/><\/div>\n<\/div>\n<\/div>\n","protected":false},"excerpt":{"rendered":"<p>W dzie\u0144 mamy (26.05.2023), s\u0142uchacze naszej szko\u0142y wraz z nauczycielami, wezm\u0105 udzia\u0142 w akcji edukacyjnej BADAMY NIE TYLKO MAMY, organizowanej przez Stowarzyszenie &#8220;Amazonki&#8221;. Jest to tematyka bliska naszej szkole, dlatego [&hellip;]<\/p>\n","protected":false},"author":26,"featured_media":0,"comment_status":"open","ping_status":"open","sticky":false,"template":"","format":"standard","meta":{"footnotes":""},"categories":[1],"tags":[],"class_list":["post-6811","post","type-post","status-publish","format-standard","hentry","category-aktualnosci","clearfix"],"_links":{"self":[{"href":"https:\/\/medyk.wroclaw.dolnyslask.pl\/index.php\/wp-json\/wp\/v2\/posts\/6811","targetHints":{"allow":["GET"]}}],"collection":[{"href":"https:\/\/medyk.wroclaw.dolnyslask.pl\/index.php\/wp-json\/wp\/v2\/posts"}],"about":[{"href":"https:\/\/medyk.wroclaw.dolnyslask.pl\/index.php\/wp-json\/wp\/v2\/types\/post"}],"author":[{"embeddable":true,"href":"https:\/\/medyk.wroclaw.dolnyslask.pl\/index.php\/wp-json\/wp\/v2\/users\/26"}],"replies":[{"embeddable":true,"href":"https:\/\/medyk.wroclaw.dolnyslask.pl\/index.php\/wp-json\/wp\/v2\/comments?post=6811"}],"version-history":[{"count":3,"href":"https:\/\/medyk.wroclaw.dolnyslask.pl\/index.php\/wp-json\/wp\/v2\/posts\/6811\/revisions"}],"predecessor-version":[{"id":6823,"href":"https:\/\/medyk.wroclaw.dolnyslask.pl\/index.php\/wp-json\/wp\/v2\/posts\/6811\/revisions\/6823"}],"wp:attachment":[{"href":"https:\/\/medyk.wroclaw.dolnyslask.pl\/index.php\/wp-json\/wp\/v2\/media?parent=6811"}],"wp:term":[{"taxonomy":"category","embeddable":true,"href":"https:\/\/medyk.wroclaw.dolnyslask.pl\/index.php\/wp-json\/wp\/v2\/categories?post=6811"},{"taxonomy":"post_tag","embeddable":true,"href":"https:\/\/medyk.wroclaw.dolnyslask.pl\/index.php\/wp-json\/wp\/v2\/tags?post=6811"}],"curies":[{"name":"wp","href":"https:\/\/api.w.org\/{rel}","templated":true}]}}