{"id":6870,"date":"2023-06-17T08:34:30","date_gmt":"2023-06-17T06:34:30","guid":{"rendered":"http:\/\/medyk.wroclaw.dolnyslask.pl\/?p=6870"},"modified":"2023-06-17T08:34:30","modified_gmt":"2023-06-17T06:34:30","slug":"bieg-radiologa-2023-podczas-43-konferencji-pltr","status":"publish","type":"post","link":"https:\/\/medyk.wroclaw.dolnyslask.pl\/index.php\/bieg-radiologa-2023-podczas-43-konferencji-pltr\/2023\/06\/17\/ppowilan\/","title":{"rendered":"BIEG RADIOLOGA 2023 podczas 43 Konferencji PLTR"},"content":{"rendered":"<p><span class=\"x193iq5w xeuugli x13faqbe x1vvkbs x1xmvt09 x1lliihq x1s928wv xhkezso x1gmr53x x1cpjm7i x1fgarty x1943h6x xudqn12 x3x7a5m x6prxxf xvq8zen xo1l8bm xzsf02u x1yc453h\" dir=\"auto\">W dniach 15-17 czerwca 2023, we Wroc\u0142awiu na Hali Stulecia, odbywa si\u0119 43 Kongres Polskiego Lekarskiego Towarzystwa Radiologicznego. Jest to wydarzenie w kt\u00f3rym ch\u0119tnie bior\u0105 udzia\u0142 nasi nauczyciele. Podczas kongresu organizowane s\u0105 r\u00f3wnie\u017c inne wydarzenia o tematyce radiologicznej tj. wystawy, konkursy, a tak\u017ce bieg na 5km, w kt\u00f3rym wzie\u0142a udzia\u0142 Pani mgr in\u017c. Izabela Polo\u0144ska, nasza nauczycielka z kierunku technik elektroradiologii. Wielkie brawa dla Pani Izy, kt\u00f3ra nie tylko wzie\u0142a udzia\u0142 w biegu,ale i &#8220;wybiega\u0142a&#8221; doskona\u0142y wynik, bo ca\u0142\u0105 tras\u0119 uko\u0144czy\u0142a w czasie 00:27:45. Gratulujemy!<\/span><\/p>\n<p>&nbsp;<\/p>\n<div id='pe-gallery-1' class='pe-gallery pe-gallery-6870 columns-4 img-size-medium'><div class='pe-row'><div class='col-md-3'><figure tabindex='0' class='pe-gallery-item pe-gallery-modal' data-mfp-src='#modal-gallery-1-6873'><div class='pe-gallery-image portrait'>\n\t\t\t\t\t\t\t<img loading=\"lazy\" decoding=\"async\" width=\"202\" height=\"300\" src=\"https:\/\/medyk.wroclaw.dolnyslask.pl\/wp-content\/uploads\/2023\/06\/355032981_621087789826854_1915363278118171682_n-202x300.jpg\" class=\"attachment-medium size-medium\" alt=\"\" data-no-retina=\"\" srcset=\"https:\/\/medyk.wroclaw.dolnyslask.pl\/wp-content\/uploads\/2023\/06\/355032981_621087789826854_1915363278118171682_n-202x300.jpg 202w, https:\/\/medyk.wroclaw.dolnyslask.pl\/wp-content\/uploads\/2023\/06\/355032981_621087789826854_1915363278118171682_n-689x1024.jpg 689w, https:\/\/medyk.wroclaw.dolnyslask.pl\/wp-content\/uploads\/2023\/06\/355032981_621087789826854_1915363278118171682_n-768x1141.jpg 768w, https:\/\/medyk.wroclaw.dolnyslask.pl\/wp-content\/uploads\/2023\/06\/355032981_621087789826854_1915363278118171682_n.jpg 923w\" sizes=\"auto, (max-width: 202px) 100vw, 202px\" \/>\n\t\t\t\t\t\t<\/div><\/figure><div id='modal-gallery-1-6873' class='mfp-modal-content mfp-hide' tabindex='-1' role='dialog' aria-labelledby='gallery-1-6873' style='max-width: 923px;><h4 id='gallery-1-6873'><\/h4><div class='pe-gallery-full-image'><img loading=\"lazy\" decoding=\"async\" width=\"923\" height=\"1371\" src=\"https:\/\/medyk.wroclaw.dolnyslask.pl\/wp-content\/uploads\/2023\/06\/355032981_621087789826854_1915363278118171682_n.jpg\" class=\"attachment-full size-full\" alt=\"\" data-no-retina=\"\" srcset=\"https:\/\/medyk.wroclaw.dolnyslask.pl\/wp-content\/uploads\/2023\/06\/355032981_621087789826854_1915363278118171682_n.jpg 923w, https:\/\/medyk.wroclaw.dolnyslask.pl\/wp-content\/uploads\/2023\/06\/355032981_621087789826854_1915363278118171682_n-202x300.jpg 202w, https:\/\/medyk.wroclaw.dolnyslask.pl\/wp-content\/uploads\/2023\/06\/355032981_621087789826854_1915363278118171682_n-689x1024.jpg 689w, https:\/\/medyk.wroclaw.dolnyslask.pl\/wp-content\/uploads\/2023\/06\/355032981_621087789826854_1915363278118171682_n-768x1141.jpg 768w\" sizes=\"auto, (max-width: 923px) 100vw, 923px\" \/><\/div><p><\/p><\/div><\/div><div class='col-md-3'><figure tabindex='0' class='pe-gallery-item pe-gallery-modal' data-mfp-src='#modal-gallery-1-6876'><div class='pe-gallery-image portrait'>\n\t\t\t\t\t\t\t<img loading=\"lazy\" decoding=\"async\" width=\"275\" height=\"300\" src=\"https:\/\/medyk.wroclaw.dolnyslask.pl\/wp-content\/uploads\/2023\/06\/355053820_1973705022996280_8328483049728809556_n-275x300.jpg\" class=\"attachment-medium size-medium\" alt=\"\" data-no-retina=\"\" srcset=\"https:\/\/medyk.wroclaw.dolnyslask.pl\/wp-content\/uploads\/2023\/06\/355053820_1973705022996280_8328483049728809556_n-275x300.jpg 275w, https:\/\/medyk.wroclaw.dolnyslask.pl\/wp-content\/uploads\/2023\/06\/355053820_1973705022996280_8328483049728809556_n-768x839.jpg 768w, https:\/\/medyk.wroclaw.dolnyslask.pl\/wp-content\/uploads\/2023\/06\/355053820_1973705022996280_8328483049728809556_n.jpg 922w\" sizes=\"auto, (max-width: 275px) 100vw, 275px\" \/>\n\t\t\t\t\t\t<\/div><\/figure><div id='modal-gallery-1-6876' class='mfp-modal-content mfp-hide' tabindex='-1' role='dialog' aria-labelledby='gallery-1-6876' style='max-width: 922px;><h4 id='gallery-1-6876'><\/h4><div class='pe-gallery-full-image'><img loading=\"lazy\" decoding=\"async\" width=\"922\" height=\"1007\" src=\"https:\/\/medyk.wroclaw.dolnyslask.pl\/wp-content\/uploads\/2023\/06\/355053820_1973705022996280_8328483049728809556_n.jpg\" class=\"attachment-full size-full\" alt=\"\" data-no-retina=\"\" srcset=\"https:\/\/medyk.wroclaw.dolnyslask.pl\/wp-content\/uploads\/2023\/06\/355053820_1973705022996280_8328483049728809556_n.jpg 922w, https:\/\/medyk.wroclaw.dolnyslask.pl\/wp-content\/uploads\/2023\/06\/355053820_1973705022996280_8328483049728809556_n-275x300.jpg 275w, https:\/\/medyk.wroclaw.dolnyslask.pl\/wp-content\/uploads\/2023\/06\/355053820_1973705022996280_8328483049728809556_n-768x839.jpg 768w\" sizes=\"auto, (max-width: 922px) 100vw, 922px\" \/><\/div><p><\/p><\/div><\/div><div class='col-md-3'><figure tabindex='0' class='pe-gallery-item pe-gallery-modal' data-mfp-src='#modal-gallery-1-6879'><div class='pe-gallery-image landscape'>\n\t\t\t\t\t\t\t<img loading=\"lazy\" decoding=\"async\" width=\"300\" height=\"154\" src=\"https:\/\/medyk.wroclaw.dolnyslask.pl\/wp-content\/uploads\/2023\/06\/354449103_740716177855213_7022955708992968627_n-300x154.jpg\" class=\"attachment-medium size-medium\" alt=\"\" data-no-retina=\"\" srcset=\"https:\/\/medyk.wroclaw.dolnyslask.pl\/wp-content\/uploads\/2023\/06\/354449103_740716177855213_7022955708992968627_n-300x154.jpg 300w, https:\/\/medyk.wroclaw.dolnyslask.pl\/wp-content\/uploads\/2023\/06\/354449103_740716177855213_7022955708992968627_n-1024x527.jpg 1024w, https:\/\/medyk.wroclaw.dolnyslask.pl\/wp-content\/uploads\/2023\/06\/354449103_740716177855213_7022955708992968627_n-768x395.jpg 768w, https:\/\/medyk.wroclaw.dolnyslask.pl\/wp-content\/uploads\/2023\/06\/354449103_740716177855213_7022955708992968627_n.jpg 1397w\" sizes=\"auto, (max-width: 300px) 100vw, 300px\" \/>\n\t\t\t\t\t\t<\/div><\/figure><div id='modal-gallery-1-6879' class='mfp-modal-content mfp-hide' tabindex='-1' role='dialog' aria-labelledby='gallery-1-6879' style='max-width: 1397px;><h4 id='gallery-1-6879'><\/h4><div class='pe-gallery-full-image'><img loading=\"lazy\" decoding=\"async\" width=\"1397\" height=\"719\" src=\"https:\/\/medyk.wroclaw.dolnyslask.pl\/wp-content\/uploads\/2023\/06\/354449103_740716177855213_7022955708992968627_n.jpg\" class=\"attachment-full size-full\" alt=\"\" data-no-retina=\"\" srcset=\"https:\/\/medyk.wroclaw.dolnyslask.pl\/wp-content\/uploads\/2023\/06\/354449103_740716177855213_7022955708992968627_n.jpg 1397w, https:\/\/medyk.wroclaw.dolnyslask.pl\/wp-content\/uploads\/2023\/06\/354449103_740716177855213_7022955708992968627_n-300x154.jpg 300w, https:\/\/medyk.wroclaw.dolnyslask.pl\/wp-content\/uploads\/2023\/06\/354449103_740716177855213_7022955708992968627_n-1024x527.jpg 1024w, https:\/\/medyk.wroclaw.dolnyslask.pl\/wp-content\/uploads\/2023\/06\/354449103_740716177855213_7022955708992968627_n-768x395.jpg 768w\" sizes=\"auto, (max-width: 1397px) 100vw, 1397px\" \/><\/div><p><\/p><\/div><\/div><div class='col-md-3'><figure tabindex='0' class='pe-gallery-item pe-gallery-modal' data-mfp-src='#modal-gallery-1-6882'><div class='pe-gallery-image portrait'>\n\t\t\t\t\t\t\t<img loading=\"lazy\" decoding=\"async\" width=\"225\" height=\"300\" src=\"https:\/\/medyk.wroclaw.dolnyslask.pl\/wp-content\/uploads\/2023\/06\/354979534_201136352467454_4374121633719856054_n-225x300.jpg\" class=\"attachment-medium size-medium\" alt=\"\" data-no-retina=\"\" srcset=\"https:\/\/medyk.wroclaw.dolnyslask.pl\/wp-content\/uploads\/2023\/06\/354979534_201136352467454_4374121633719856054_n-225x300.jpg 225w, https:\/\/medyk.wroclaw.dolnyslask.pl\/wp-content\/uploads\/2023\/06\/354979534_201136352467454_4374121633719856054_n-766x1024.jpg 766w, https:\/\/medyk.wroclaw.dolnyslask.pl\/wp-content\/uploads\/2023\/06\/354979534_201136352467454_4374121633719856054_n-768x1026.jpg 768w, https:\/\/medyk.wroclaw.dolnyslask.pl\/wp-content\/uploads\/2023\/06\/354979534_201136352467454_4374121633719856054_n-1150x1536.jpg 1150w, https:\/\/medyk.wroclaw.dolnyslask.pl\/wp-content\/uploads\/2023\/06\/354979534_201136352467454_4374121633719856054_n.jpg 1455w\" sizes=\"auto, (max-width: 225px) 100vw, 225px\" \/>\n\t\t\t\t\t\t<\/div><\/figure><div id='modal-gallery-1-6882' class='mfp-modal-content mfp-hide' tabindex='-1' role='dialog' aria-labelledby='gallery-1-6882' style='max-width: 1455px;><h4 id='gallery-1-6882'><\/h4><div class='pe-gallery-full-image'><img loading=\"lazy\" decoding=\"async\" width=\"1455\" height=\"1944\" src=\"https:\/\/medyk.wroclaw.dolnyslask.pl\/wp-content\/uploads\/2023\/06\/354979534_201136352467454_4374121633719856054_n.jpg\" class=\"attachment-full size-full\" alt=\"\" data-no-retina=\"\" srcset=\"https:\/\/medyk.wroclaw.dolnyslask.pl\/wp-content\/uploads\/2023\/06\/354979534_201136352467454_4374121633719856054_n.jpg 1455w, https:\/\/medyk.wroclaw.dolnyslask.pl\/wp-content\/uploads\/2023\/06\/354979534_201136352467454_4374121633719856054_n-225x300.jpg 225w, https:\/\/medyk.wroclaw.dolnyslask.pl\/wp-content\/uploads\/2023\/06\/354979534_201136352467454_4374121633719856054_n-766x1024.jpg 766w, https:\/\/medyk.wroclaw.dolnyslask.pl\/wp-content\/uploads\/2023\/06\/354979534_201136352467454_4374121633719856054_n-768x1026.jpg 768w, https:\/\/medyk.wroclaw.dolnyslask.pl\/wp-content\/uploads\/2023\/06\/354979534_201136352467454_4374121633719856054_n-1150x1536.jpg 1150w\" sizes=\"auto, (max-width: 1455px) 100vw, 1455px\" \/><\/div><p><\/p><\/div><\/div><\/div><\/div>\n\n","protected":false},"excerpt":{"rendered":"<p>W dniach 15-17 czerwca 2023, we Wroc\u0142awiu na Hali Stulecia, odbywa si\u0119 43 Kongres Polskiego Lekarskiego Towarzystwa Radiologicznego. Jest to wydarzenie w kt\u00f3rym ch\u0119tnie bior\u0105 udzia\u0142 nasi nauczyciele. Podczas kongresu [&hellip;]<\/p>\n","protected":false},"author":26,"featured_media":0,"comment_status":"open","ping_status":"open","sticky":false,"template":"","format":"standard","meta":{"footnotes":""},"categories":[1],"tags":[],"class_list":["post-6870","post","type-post","status-publish","format-standard","hentry","category-aktualnosci","clearfix"],"_links":{"self":[{"href":"https:\/\/medyk.wroclaw.dolnyslask.pl\/index.php\/wp-json\/wp\/v2\/posts\/6870","targetHints":{"allow":["GET"]}}],"collection":[{"href":"https:\/\/medyk.wroclaw.dolnyslask.pl\/index.php\/wp-json\/wp\/v2\/posts"}],"about":[{"href":"https:\/\/medyk.wroclaw.dolnyslask.pl\/index.php\/wp-json\/wp\/v2\/types\/post"}],"author":[{"embeddable":true,"href":"https:\/\/medyk.wroclaw.dolnyslask.pl\/index.php\/wp-json\/wp\/v2\/users\/26"}],"replies":[{"embeddable":true,"href":"https:\/\/medyk.wroclaw.dolnyslask.pl\/index.php\/wp-json\/wp\/v2\/comments?post=6870"}],"version-history":[{"count":2,"href":"https:\/\/medyk.wroclaw.dolnyslask.pl\/index.php\/wp-json\/wp\/v2\/posts\/6870\/revisions"}],"predecessor-version":[{"id":6888,"href":"https:\/\/medyk.wroclaw.dolnyslask.pl\/index.php\/wp-json\/wp\/v2\/posts\/6870\/revisions\/6888"}],"wp:attachment":[{"href":"https:\/\/medyk.wroclaw.dolnyslask.pl\/index.php\/wp-json\/wp\/v2\/media?parent=6870"}],"wp:term":[{"taxonomy":"category","embeddable":true,"href":"https:\/\/medyk.wroclaw.dolnyslask.pl\/index.php\/wp-json\/wp\/v2\/categories?post=6870"},{"taxonomy":"post_tag","embeddable":true,"href":"https:\/\/medyk.wroclaw.dolnyslask.pl\/index.php\/wp-json\/wp\/v2\/tags?post=6870"}],"curies":[{"name":"wp","href":"https:\/\/api.w.org\/{rel}","templated":true}]}}