{"id":7359,"date":"2023-10-01T21:51:38","date_gmt":"2023-10-01T19:51:38","guid":{"rendered":"http:\/\/medyk.wroclaw.dolnyslask.pl\/?p=7359"},"modified":"2023-10-01T21:51:38","modified_gmt":"2023-10-01T19:51:38","slug":"rajd-miedzyszkolny-27-09-2023","status":"publish","type":"post","link":"https:\/\/medyk.wroclaw.dolnyslask.pl\/index.php\/rajd-miedzyszkolny-27-09-2023\/2023\/10\/01\/ppowilan\/","title":{"rendered":"RAJD MI\u0118DZYSZKOLNY 27.09.2023"},"content":{"rendered":"<p style=\"text-align: center;\">Zapraszamy do zapoznania si\u0119 z relacj\u0105 z rajdu mi\u0119dzyszkolnego w naszej galerii! <a href=\"http:\/\/medyk.wroclaw.dolnyslask.pl\/index.php\/galeria-2023\/\">[KLIK]<\/a><\/p>\n<p><img loading=\"lazy\" decoding=\"async\" class=\"size-full wp-image-7314 aligncenter\" src=\"http:\/\/medyk.wroclaw.dolnyslask.pl\/wp-content\/uploads\/2023\/10\/IMG20230927114353-scaled.jpg\" alt=\"\" width=\"2560\" height=\"1928\" srcset=\"https:\/\/medyk.wroclaw.dolnyslask.pl\/wp-content\/uploads\/2023\/10\/IMG20230927114353-scaled.jpg 2560w, https:\/\/medyk.wroclaw.dolnyslask.pl\/wp-content\/uploads\/2023\/10\/IMG20230927114353-300x226.jpg 300w, https:\/\/medyk.wroclaw.dolnyslask.pl\/wp-content\/uploads\/2023\/10\/IMG20230927114353-1024x771.jpg 1024w, https:\/\/medyk.wroclaw.dolnyslask.pl\/wp-content\/uploads\/2023\/10\/IMG20230927114353-768x578.jpg 768w, https:\/\/medyk.wroclaw.dolnyslask.pl\/wp-content\/uploads\/2023\/10\/IMG20230927114353-1536x1157.jpg 1536w, https:\/\/medyk.wroclaw.dolnyslask.pl\/wp-content\/uploads\/2023\/10\/IMG20230927114353-2048x1542.jpg 2048w\" sizes=\"auto, (max-width: 2560px) 100vw, 2560px\" \/><\/p>\n","protected":false},"excerpt":{"rendered":"<p>Zapraszamy do zapoznania si\u0119 z relacj\u0105 z rajdu mi\u0119dzyszkolnego w naszej galerii! [KLIK]<\/p>\n","protected":false},"author":26,"featured_media":0,"comment_status":"open","ping_status":"open","sticky":false,"template":"","format":"standard","meta":{"footnotes":""},"categories":[1],"tags":[],"class_list":["post-7359","post","type-post","status-publish","format-standard","hentry","category-aktualnosci","clearfix"],"_links":{"self":[{"href":"https:\/\/medyk.wroclaw.dolnyslask.pl\/index.php\/wp-json\/wp\/v2\/posts\/7359","targetHints":{"allow":["GET"]}}],"collection":[{"href":"https:\/\/medyk.wroclaw.dolnyslask.pl\/index.php\/wp-json\/wp\/v2\/posts"}],"about":[{"href":"https:\/\/medyk.wroclaw.dolnyslask.pl\/index.php\/wp-json\/wp\/v2\/types\/post"}],"author":[{"embeddable":true,"href":"https:\/\/medyk.wroclaw.dolnyslask.pl\/index.php\/wp-json\/wp\/v2\/users\/26"}],"replies":[{"embeddable":true,"href":"https:\/\/medyk.wroclaw.dolnyslask.pl\/index.php\/wp-json\/wp\/v2\/comments?post=7359"}],"version-history":[{"count":1,"href":"https:\/\/medyk.wroclaw.dolnyslask.pl\/index.php\/wp-json\/wp\/v2\/posts\/7359\/revisions"}],"predecessor-version":[{"id":7362,"href":"https:\/\/medyk.wroclaw.dolnyslask.pl\/index.php\/wp-json\/wp\/v2\/posts\/7359\/revisions\/7362"}],"wp:attachment":[{"href":"https:\/\/medyk.wroclaw.dolnyslask.pl\/index.php\/wp-json\/wp\/v2\/media?parent=7359"}],"wp:term":[{"taxonomy":"category","embeddable":true,"href":"https:\/\/medyk.wroclaw.dolnyslask.pl\/index.php\/wp-json\/wp\/v2\/categories?post=7359"},{"taxonomy":"post_tag","embeddable":true,"href":"https:\/\/medyk.wroclaw.dolnyslask.pl\/index.php\/wp-json\/wp\/v2\/tags?post=7359"}],"curies":[{"name":"wp","href":"https:\/\/api.w.org\/{rel}","templated":true}]}}