{"id":7559,"date":"2023-11-22T11:09:11","date_gmt":"2023-11-22T10:09:11","guid":{"rendered":"http:\/\/medyk.wroclaw.dolnyslask.pl\/?p=7559"},"modified":"2023-11-22T11:09:11","modified_gmt":"2023-11-22T10:09:11","slug":"zbiorka-darow-dla-potrzebujacych","status":"publish","type":"post","link":"https:\/\/medyk.wroclaw.dolnyslask.pl\/index.php\/zbiorka-darow-dla-potrzebujacych\/2023\/11\/22\/ppowilan\/","title":{"rendered":"ZBI\u00d3RKA DAR\u00d3W DLA POTRZEBUJ\u0104CYCH"},"content":{"rendered":"<p><img loading=\"lazy\" decoding=\"async\" class=\"size-full wp-image-7553 aligncenter\" src=\"http:\/\/medyk.wroclaw.dolnyslask.pl\/wp-content\/uploads\/2023\/11\/IMG20231120143240-scaled.jpg\" alt=\"\" width=\"1747\" height=\"2560\" srcset=\"https:\/\/medyk.wroclaw.dolnyslask.pl\/wp-content\/uploads\/2023\/11\/IMG20231120143240-scaled.jpg 1747w, https:\/\/medyk.wroclaw.dolnyslask.pl\/wp-content\/uploads\/2023\/11\/IMG20231120143240-205x300.jpg 205w, https:\/\/medyk.wroclaw.dolnyslask.pl\/wp-content\/uploads\/2023\/11\/IMG20231120143240-699x1024.jpg 699w, https:\/\/medyk.wroclaw.dolnyslask.pl\/wp-content\/uploads\/2023\/11\/IMG20231120143240-768x1125.jpg 768w, https:\/\/medyk.wroclaw.dolnyslask.pl\/wp-content\/uploads\/2023\/11\/IMG20231120143240-1048x1536.jpg 1048w, https:\/\/medyk.wroclaw.dolnyslask.pl\/wp-content\/uploads\/2023\/11\/IMG20231120143240-1398x2048.jpg 1398w\" sizes=\"auto, (max-width: 1747px) 100vw, 1747px\" \/><\/p>\n","protected":false},"excerpt":{"rendered":"","protected":false},"author":26,"featured_media":0,"comment_status":"open","ping_status":"open","sticky":false,"template":"","format":"standard","meta":{"footnotes":""},"categories":[1],"tags":[],"class_list":["post-7559","post","type-post","status-publish","format-standard","hentry","category-aktualnosci","clearfix"],"_links":{"self":[{"href":"https:\/\/medyk.wroclaw.dolnyslask.pl\/index.php\/wp-json\/wp\/v2\/posts\/7559","targetHints":{"allow":["GET"]}}],"collection":[{"href":"https:\/\/medyk.wroclaw.dolnyslask.pl\/index.php\/wp-json\/wp\/v2\/posts"}],"about":[{"href":"https:\/\/medyk.wroclaw.dolnyslask.pl\/index.php\/wp-json\/wp\/v2\/types\/post"}],"author":[{"embeddable":true,"href":"https:\/\/medyk.wroclaw.dolnyslask.pl\/index.php\/wp-json\/wp\/v2\/users\/26"}],"replies":[{"embeddable":true,"href":"https:\/\/medyk.wroclaw.dolnyslask.pl\/index.php\/wp-json\/wp\/v2\/comments?post=7559"}],"version-history":[{"count":1,"href":"https:\/\/medyk.wroclaw.dolnyslask.pl\/index.php\/wp-json\/wp\/v2\/posts\/7559\/revisions"}],"predecessor-version":[{"id":7562,"href":"https:\/\/medyk.wroclaw.dolnyslask.pl\/index.php\/wp-json\/wp\/v2\/posts\/7559\/revisions\/7562"}],"wp:attachment":[{"href":"https:\/\/medyk.wroclaw.dolnyslask.pl\/index.php\/wp-json\/wp\/v2\/media?parent=7559"}],"wp:term":[{"taxonomy":"category","embeddable":true,"href":"https:\/\/medyk.wroclaw.dolnyslask.pl\/index.php\/wp-json\/wp\/v2\/categories?post=7559"},{"taxonomy":"post_tag","embeddable":true,"href":"https:\/\/medyk.wroclaw.dolnyslask.pl\/index.php\/wp-json\/wp\/v2\/tags?post=7559"}],"curies":[{"name":"wp","href":"https:\/\/api.w.org\/{rel}","templated":true}]}}