{"id":7760,"date":"2023-11-30T06:54:59","date_gmt":"2023-11-30T05:54:59","guid":{"rendered":"http:\/\/medyk.wroclaw.dolnyslask.pl\/?p=7760"},"modified":"2023-11-30T06:58:08","modified_gmt":"2023-11-30T05:58:08","slug":"kobiety-onkologii-leczenie-nauka-troska-poznan-24-25-11-2023","status":"publish","type":"post","link":"https:\/\/medyk.wroclaw.dolnyslask.pl\/index.php\/kobiety-onkologii-leczenie-nauka-troska-poznan-24-25-11-2023\/2023\/11\/30\/ppowilan\/","title":{"rendered":"Kobiety Onkologii &#8211; Leczenie Nauka Troska &#8211; Pozna\u0144 24-25.11.2023"},"content":{"rendered":"<p style=\"text-align: left;\">W dniach 24-25 listopada, odby\u0142a si\u0119 w Poznaniu konferencja naukowa pt. &#8220;Kobiety Onkologii &#8211; Leczenie Nauka Troska&#8221; organizowana przez Wielkopolskie Centrum Onkologii z okazji 70-lecia ich dzia\u0142ania. W konferencji wzie\u0142y udzia\u0142 Pani mgr in\u017c. Izabela Polo\u0144ska (nauczyciel kierunku technik elektroradiologii) oraz nasza s\u0142uchaczka kierunku technik elektroradiologii (r\u00f3wnie\u017c mgr in\u017c.) Paulina Powi\u0142an.<\/p>\n<p style=\"text-align: left;\">W czasie tego wydarzenia, mo\u017cna by\u0142o zapozna\u0107 si\u0119 z licznymi prezentacjami prowadzonymi przez Fizyk\u00f3w medycznych, Onkolog\u00f3w, Radiolog\u00f3w, Chirurg\u00f3w Onkologicznych i nie tylko.\u00a0 Ogrom wiedzy zdobytej podczas konferencji na pewno przyda si\u0119 w pracy, jak i w szkole.<\/p>\n<p style=\"text-align: left;\">Warto r\u00f3wnie\u017c wspomnie\u0107 o samej tematyce konferekcji. W g\u0142\u00f3wnej mierze dotyczy\u0142a ona zdrowia kobiet, a tak\u017ce kobiet w medycynie. Wielki uk\u0142on dla Pan\u00f3w kt\u00f3rzy nie &#8220;przestraszyli si\u0119&#8221; tematu, a wr\u0119cz podeszli do niego z wielkim poszanowaniem.<\/p>\n<p style=\"text-align: center;\"><strong>Serdecznie dzi\u0119kujemy za mo\u017cliwo\u015b\u0107 uczestnictwa w konferencji!<\/strong><\/p>\n<p><img loading=\"lazy\" decoding=\"async\" class=\"wp-image-7763 alignleft\" src=\"http:\/\/medyk.wroclaw.dolnyslask.pl\/wp-content\/uploads\/2023\/11\/trashed-1703604089-received_874618304330324.jpeg\" alt=\"\" width=\"530\" height=\"661\" srcset=\"https:\/\/medyk.wroclaw.dolnyslask.pl\/wp-content\/uploads\/2023\/11\/trashed-1703604089-received_874618304330324.jpeg 923w, https:\/\/medyk.wroclaw.dolnyslask.pl\/wp-content\/uploads\/2023\/11\/trashed-1703604089-received_874618304330324-241x300.jpeg 241w, https:\/\/medyk.wroclaw.dolnyslask.pl\/wp-content\/uploads\/2023\/11\/trashed-1703604089-received_874618304330324-822x1024.jpeg 822w, https:\/\/medyk.wroclaw.dolnyslask.pl\/wp-content\/uploads\/2023\/11\/trashed-1703604089-received_874618304330324-768x957.jpeg 768w\" sizes=\"auto, (max-width: 530px) 100vw, 530px\" \/> \u00a0 <img loading=\"lazy\" decoding=\"async\" class=\"wp-image-7766 alignright\" src=\"http:\/\/medyk.wroclaw.dolnyslask.pl\/wp-content\/uploads\/2023\/11\/Skan_20231130-2.png\" alt=\"\" width=\"563\" height=\"662\" srcset=\"https:\/\/medyk.wroclaw.dolnyslask.pl\/wp-content\/uploads\/2023\/11\/Skan_20231130-2.png 752w, https:\/\/medyk.wroclaw.dolnyslask.pl\/wp-content\/uploads\/2023\/11\/Skan_20231130-2-255x300.png 255w\" sizes=\"auto, (max-width: 563px) 100vw, 563px\" \/><\/p>\n<p>&nbsp;<\/p>\n<p>&nbsp;<\/p>\n<p>&nbsp;<\/p>\n<p>&nbsp;<\/p>\n<p>&nbsp;<\/p>\n<p>&nbsp;<\/p>\n<p>&nbsp;<\/p>\n<p>&nbsp;<\/p>\n<p>&nbsp;<\/p>\n<p>&nbsp;<\/p>\n<p>&nbsp;<\/p>\n<p>&nbsp;<\/p>\n<p>&nbsp;<\/p>\n<p>&nbsp;<\/p>\n<p style=\"text-align: center;\">[<a href=\"http:\/\/medyk.wroclaw.dolnyslask.pl\/index.php\/galeria-2023\/\">WI\u0118CEJ ZDJ\u0118\u0106<\/a>]<\/p>\n","protected":false},"excerpt":{"rendered":"<p>W dniach 24-25 listopada, odby\u0142a si\u0119 w Poznaniu konferencja naukowa pt. &#8220;Kobiety Onkologii &#8211; Leczenie Nauka Troska&#8221; organizowana przez Wielkopolskie Centrum Onkologii z okazji 70-lecia ich dzia\u0142ania. W konferencji wzie\u0142y [&hellip;]<\/p>\n","protected":false},"author":26,"featured_media":0,"comment_status":"open","ping_status":"open","sticky":false,"template":"","format":"standard","meta":{"footnotes":""},"categories":[1],"tags":[],"class_list":["post-7760","post","type-post","status-publish","format-standard","hentry","category-aktualnosci","clearfix"],"_links":{"self":[{"href":"https:\/\/medyk.wroclaw.dolnyslask.pl\/index.php\/wp-json\/wp\/v2\/posts\/7760","targetHints":{"allow":["GET"]}}],"collection":[{"href":"https:\/\/medyk.wroclaw.dolnyslask.pl\/index.php\/wp-json\/wp\/v2\/posts"}],"about":[{"href":"https:\/\/medyk.wroclaw.dolnyslask.pl\/index.php\/wp-json\/wp\/v2\/types\/post"}],"author":[{"embeddable":true,"href":"https:\/\/medyk.wroclaw.dolnyslask.pl\/index.php\/wp-json\/wp\/v2\/users\/26"}],"replies":[{"embeddable":true,"href":"https:\/\/medyk.wroclaw.dolnyslask.pl\/index.php\/wp-json\/wp\/v2\/comments?post=7760"}],"version-history":[{"count":7,"href":"https:\/\/medyk.wroclaw.dolnyslask.pl\/index.php\/wp-json\/wp\/v2\/posts\/7760\/revisions"}],"predecessor-version":[{"id":7787,"href":"https:\/\/medyk.wroclaw.dolnyslask.pl\/index.php\/wp-json\/wp\/v2\/posts\/7760\/revisions\/7787"}],"wp:attachment":[{"href":"https:\/\/medyk.wroclaw.dolnyslask.pl\/index.php\/wp-json\/wp\/v2\/media?parent=7760"}],"wp:term":[{"taxonomy":"category","embeddable":true,"href":"https:\/\/medyk.wroclaw.dolnyslask.pl\/index.php\/wp-json\/wp\/v2\/categories?post=7760"},{"taxonomy":"post_tag","embeddable":true,"href":"https:\/\/medyk.wroclaw.dolnyslask.pl\/index.php\/wp-json\/wp\/v2\/tags?post=7760"}],"curies":[{"name":"wp","href":"https:\/\/api.w.org\/{rel}","templated":true}]}}