{"id":7907,"date":"2023-12-06T10:18:44","date_gmt":"2023-12-06T09:18:44","guid":{"rendered":"http:\/\/medyk.wroclaw.dolnyslask.pl\/?p=7907"},"modified":"2023-12-06T10:33:42","modified_gmt":"2023-12-06T09:33:42","slug":"radiologia-wspolna-sprawa-2-3-grudnia-2023","status":"publish","type":"post","link":"https:\/\/medyk.wroclaw.dolnyslask.pl\/index.php\/radiologia-wspolna-sprawa-2-3-grudnia-2023\/2023\/12\/06\/ppowilan\/","title":{"rendered":"RADIOLOGIA WSP\u00d3LNA SPRAWA 2-3 GRUDNIA 2023"},"content":{"rendered":"<p>W dniach 2-3 grudnia 2023 odby\u0142a si\u0119 w Rzeszowie konferencja RADIOLOGIA WSP\u00d3LNA SPRAWA, na kt\u00f3rej nie mog\u0142o nas zabrakn\u0105\u0107.\u00a0 Reprezentowa\u0142y nas Pani vice-dyrektor dr Ewa Wr\u00f3bel oraz nauczycielka kierunkowa Pani mgr in\u017c. Izabela Polo\u0144ska. By\u0142y to dwa dni pe\u0142ne wiedzy z dziedziny radiologii.<\/p>\n<p style=\"text-align: center;\">[<a href=\"http:\/\/medyk.wroclaw.dolnyslask.pl\/index.php\/galeria-2023\/\">WI\u0118CEJ ZDJ\u0118\u0106<\/a>]<\/p>\n<p><img loading=\"lazy\" decoding=\"async\" class=\"wp-image-7913 alignleft\" src=\"http:\/\/medyk.wroclaw.dolnyslask.pl\/wp-content\/uploads\/2023\/12\/400855513_1364775904430635_4935687452310257579_n.jpg\" alt=\"\" width=\"588\" height=\"774\" srcset=\"https:\/\/medyk.wroclaw.dolnyslask.pl\/wp-content\/uploads\/2023\/12\/400855513_1364775904430635_4935687452310257579_n.jpg 1123w, https:\/\/medyk.wroclaw.dolnyslask.pl\/wp-content\/uploads\/2023\/12\/400855513_1364775904430635_4935687452310257579_n-228x300.jpg 228w, https:\/\/medyk.wroclaw.dolnyslask.pl\/wp-content\/uploads\/2023\/12\/400855513_1364775904430635_4935687452310257579_n-778x1024.jpg 778w, https:\/\/medyk.wroclaw.dolnyslask.pl\/wp-content\/uploads\/2023\/12\/400855513_1364775904430635_4935687452310257579_n-768x1011.jpg 768w\" sizes=\"auto, (max-width: 588px) 100vw, 588px\" \/><img loading=\"lazy\" decoding=\"async\" class=\"wp-image-7910 alignright\" src=\"http:\/\/medyk.wroclaw.dolnyslask.pl\/wp-content\/uploads\/2023\/12\/386873333_250811377767756_6870495175863147853_n.jpg\" alt=\"\" width=\"542\" height=\"775\" srcset=\"https:\/\/medyk.wroclaw.dolnyslask.pl\/wp-content\/uploads\/2023\/12\/386873333_250811377767756_6870495175863147853_n.jpg 1215w, https:\/\/medyk.wroclaw.dolnyslask.pl\/wp-content\/uploads\/2023\/12\/386873333_250811377767756_6870495175863147853_n-210x300.jpg 210w, https:\/\/medyk.wroclaw.dolnyslask.pl\/wp-content\/uploads\/2023\/12\/386873333_250811377767756_6870495175863147853_n-715x1024.jpg 715w, https:\/\/medyk.wroclaw.dolnyslask.pl\/wp-content\/uploads\/2023\/12\/386873333_250811377767756_6870495175863147853_n-768x1099.jpg 768w, https:\/\/medyk.wroclaw.dolnyslask.pl\/wp-content\/uploads\/2023\/12\/386873333_250811377767756_6870495175863147853_n-1073x1536.jpg 1073w\" sizes=\"auto, (max-width: 542px) 100vw, 542px\" \/><\/p>\n","protected":false},"excerpt":{"rendered":"<p>W dniach 2-3 grudnia 2023 odby\u0142a si\u0119 w Rzeszowie konferencja RADIOLOGIA WSP\u00d3LNA SPRAWA, na kt\u00f3rej nie mog\u0142o nas zabrakn\u0105\u0107.\u00a0 Reprezentowa\u0142y nas Pani vice-dyrektor dr Ewa Wr\u00f3bel oraz nauczycielka kierunkowa Pani [&hellip;]<\/p>\n","protected":false},"author":26,"featured_media":0,"comment_status":"open","ping_status":"open","sticky":false,"template":"","format":"standard","meta":{"footnotes":""},"categories":[1],"tags":[],"class_list":["post-7907","post","type-post","status-publish","format-standard","hentry","category-aktualnosci","clearfix"],"_links":{"self":[{"href":"https:\/\/medyk.wroclaw.dolnyslask.pl\/index.php\/wp-json\/wp\/v2\/posts\/7907","targetHints":{"allow":["GET"]}}],"collection":[{"href":"https:\/\/medyk.wroclaw.dolnyslask.pl\/index.php\/wp-json\/wp\/v2\/posts"}],"about":[{"href":"https:\/\/medyk.wroclaw.dolnyslask.pl\/index.php\/wp-json\/wp\/v2\/types\/post"}],"author":[{"embeddable":true,"href":"https:\/\/medyk.wroclaw.dolnyslask.pl\/index.php\/wp-json\/wp\/v2\/users\/26"}],"replies":[{"embeddable":true,"href":"https:\/\/medyk.wroclaw.dolnyslask.pl\/index.php\/wp-json\/wp\/v2\/comments?post=7907"}],"version-history":[{"count":10,"href":"https:\/\/medyk.wroclaw.dolnyslask.pl\/index.php\/wp-json\/wp\/v2\/posts\/7907\/revisions"}],"predecessor-version":[{"id":7985,"href":"https:\/\/medyk.wroclaw.dolnyslask.pl\/index.php\/wp-json\/wp\/v2\/posts\/7907\/revisions\/7985"}],"wp:attachment":[{"href":"https:\/\/medyk.wroclaw.dolnyslask.pl\/index.php\/wp-json\/wp\/v2\/media?parent=7907"}],"wp:term":[{"taxonomy":"category","embeddable":true,"href":"https:\/\/medyk.wroclaw.dolnyslask.pl\/index.php\/wp-json\/wp\/v2\/categories?post=7907"},{"taxonomy":"post_tag","embeddable":true,"href":"https:\/\/medyk.wroclaw.dolnyslask.pl\/index.php\/wp-json\/wp\/v2\/tags?post=7907"}],"curies":[{"name":"wp","href":"https:\/\/api.w.org\/{rel}","templated":true}]}}