{"id":8070,"date":"2023-12-13T18:37:15","date_gmt":"2023-12-13T17:37:15","guid":{"rendered":"http:\/\/medyk.wroclaw.dolnyslask.pl\/?p=8070"},"modified":"2023-12-13T18:37:15","modified_gmt":"2023-12-13T17:37:15","slug":"zbiorka-darow-grudzien-2023","status":"publish","type":"post","link":"https:\/\/medyk.wroclaw.dolnyslask.pl\/index.php\/zbiorka-darow-grudzien-2023\/2023\/12\/13\/ppowilan\/","title":{"rendered":"ZBI\u00d3RKA DAR\u00d3W GRUDZIE\u0143 2023"},"content":{"rendered":"<p style=\"text-align: center;\"><strong>ZBI\u00d3RKA DAR\u00d3W DLA SCHRONISKA IM. \u015aW. ALBERTA DLA BEZDOMNYCH KOBIET WE WROC\u0141AWIU ORAZ STOWARZYSZENIA &#8220;MISJA DWORCOWA&#8221; DLA SAMOTNYCH MATEK<\/strong><\/p>\n<p style=\"text-align: center;\">Jak co roku, w naszej szkole zorganizowali\u015bmy zbi\u00f3rk\u0119 dar\u00f3w dla potrzebuj\u0105cych. Odzew by\u0142 ogromny &#8211; dzi\u0119kujemy Wam za to!<\/p>\n<p style=\"text-align: center;\">W dniu 11\/12\/2023 delegacja z naszej szko\u0142y przekaza\u0142a dary do schroniska oraz stowarzyszenia. Rado\u015bci by\u0142o co nie miara!<\/p>\n<p style=\"text-align: center;\">W podzi\u0119kowaniu za dary, otrzymali\u015bmy pi\u0119kne dekoracje \u015bwi\u0105teczne wykonane przez mieszkanki schroniska oraz upominki ze stowarzyszenia.<\/p>\n<p style=\"text-align: center;\">DOBRO WRACA &#8211; Szczeg\u00f3lnie w ten \u015bwi\u0105teczny czas \ud83d\ude42<\/p>\n<p style=\"text-align: center;\">[<a href=\"http:\/\/medyk.wroclaw.dolnyslask.pl\/index.php\/galeria-2023\/\">WI\u0118CEJ ZDJ\u0118\u0106<\/a>]<\/p>\n<p><img loading=\"lazy\" decoding=\"async\" class=\"alignnone  wp-image-8037\" src=\"http:\/\/medyk.wroclaw.dolnyslask.pl\/wp-content\/uploads\/2023\/12\/405885147_2837630466391658_5278767389455519738_n.jpg\" alt=\"\" width=\"568\" height=\"398\" srcset=\"https:\/\/medyk.wroclaw.dolnyslask.pl\/wp-content\/uploads\/2023\/12\/405885147_2837630466391658_5278767389455519738_n.jpg 1755w, https:\/\/medyk.wroclaw.dolnyslask.pl\/wp-content\/uploads\/2023\/12\/405885147_2837630466391658_5278767389455519738_n-300x210.jpg 300w, https:\/\/medyk.wroclaw.dolnyslask.pl\/wp-content\/uploads\/2023\/12\/405885147_2837630466391658_5278767389455519738_n-1024x717.jpg 1024w, https:\/\/medyk.wroclaw.dolnyslask.pl\/wp-content\/uploads\/2023\/12\/405885147_2837630466391658_5278767389455519738_n-768x537.jpg 768w, https:\/\/medyk.wroclaw.dolnyslask.pl\/wp-content\/uploads\/2023\/12\/405885147_2837630466391658_5278767389455519738_n-1536x1075.jpg 1536w\" sizes=\"auto, (max-width: 568px) 100vw, 568px\" \/>\u00a0 <img loading=\"lazy\" decoding=\"async\" class=\"alignnone  wp-image-8061\" src=\"http:\/\/medyk.wroclaw.dolnyslask.pl\/wp-content\/uploads\/2023\/12\/405978894_751758820133906_441921986621381183_n.jpg\" alt=\"\" width=\"593\" height=\"397\" srcset=\"https:\/\/medyk.wroclaw.dolnyslask.pl\/wp-content\/uploads\/2023\/12\/405978894_751758820133906_441921986621381183_n.jpg 1860w, https:\/\/medyk.wroclaw.dolnyslask.pl\/wp-content\/uploads\/2023\/12\/405978894_751758820133906_441921986621381183_n-300x201.jpg 300w, https:\/\/medyk.wroclaw.dolnyslask.pl\/wp-content\/uploads\/2023\/12\/405978894_751758820133906_441921986621381183_n-1024x687.jpg 1024w, https:\/\/medyk.wroclaw.dolnyslask.pl\/wp-content\/uploads\/2023\/12\/405978894_751758820133906_441921986621381183_n-768x515.jpg 768w, https:\/\/medyk.wroclaw.dolnyslask.pl\/wp-content\/uploads\/2023\/12\/405978894_751758820133906_441921986621381183_n-1536x1030.jpg 1536w\" sizes=\"auto, (max-width: 593px) 100vw, 593px\" \/><\/p>\n","protected":false},"excerpt":{"rendered":"<p>ZBI\u00d3RKA DAR\u00d3W DLA SCHRONISKA IM. \u015aW. ALBERTA DLA BEZDOMNYCH KOBIET WE WROC\u0141AWIU ORAZ STOWARZYSZENIA &#8220;MISJA DWORCOWA&#8221; DLA SAMOTNYCH MATEK Jak co roku, w naszej szkole zorganizowali\u015bmy zbi\u00f3rk\u0119 dar\u00f3w dla potrzebuj\u0105cych. [&hellip;]<\/p>\n","protected":false},"author":26,"featured_media":0,"comment_status":"open","ping_status":"open","sticky":false,"template":"","format":"standard","meta":{"footnotes":""},"categories":[1],"tags":[],"class_list":["post-8070","post","type-post","status-publish","format-standard","hentry","category-aktualnosci","clearfix"],"_links":{"self":[{"href":"https:\/\/medyk.wroclaw.dolnyslask.pl\/index.php\/wp-json\/wp\/v2\/posts\/8070","targetHints":{"allow":["GET"]}}],"collection":[{"href":"https:\/\/medyk.wroclaw.dolnyslask.pl\/index.php\/wp-json\/wp\/v2\/posts"}],"about":[{"href":"https:\/\/medyk.wroclaw.dolnyslask.pl\/index.php\/wp-json\/wp\/v2\/types\/post"}],"author":[{"embeddable":true,"href":"https:\/\/medyk.wroclaw.dolnyslask.pl\/index.php\/wp-json\/wp\/v2\/users\/26"}],"replies":[{"embeddable":true,"href":"https:\/\/medyk.wroclaw.dolnyslask.pl\/index.php\/wp-json\/wp\/v2\/comments?post=8070"}],"version-history":[{"count":6,"href":"https:\/\/medyk.wroclaw.dolnyslask.pl\/index.php\/wp-json\/wp\/v2\/posts\/8070\/revisions"}],"predecessor-version":[{"id":8088,"href":"https:\/\/medyk.wroclaw.dolnyslask.pl\/index.php\/wp-json\/wp\/v2\/posts\/8070\/revisions\/8088"}],"wp:attachment":[{"href":"https:\/\/medyk.wroclaw.dolnyslask.pl\/index.php\/wp-json\/wp\/v2\/media?parent=8070"}],"wp:term":[{"taxonomy":"category","embeddable":true,"href":"https:\/\/medyk.wroclaw.dolnyslask.pl\/index.php\/wp-json\/wp\/v2\/categories?post=8070"},{"taxonomy":"post_tag","embeddable":true,"href":"https:\/\/medyk.wroclaw.dolnyslask.pl\/index.php\/wp-json\/wp\/v2\/tags?post=8070"}],"curies":[{"name":"wp","href":"https:\/\/api.w.org\/{rel}","templated":true}]}}