{"id":9527,"date":"2025-01-13T14:47:27","date_gmt":"2025-01-13T13:47:27","guid":{"rendered":"http:\/\/medyk.wroclaw.dolnyslask.pl\/?p=9527"},"modified":"2025-01-13T14:47:27","modified_gmt":"2025-01-13T13:47:27","slug":"targi-szkol-i-uczelni-wyzszych-w-zespole-szkol-ekonomiczno-administracyjnych-18-12-2024","status":"publish","type":"post","link":"https:\/\/medyk.wroclaw.dolnyslask.pl\/index.php\/targi-szkol-i-uczelni-wyzszych-w-zespole-szkol-ekonomiczno-administracyjnych-18-12-2024\/2025\/01\/13\/ppowilan\/","title":{"rendered":"Targi szk\u00f3\u0142 i uczelni wy\u017cszych w Zespole Szk\u00f3\u0142 Ekonomiczno-Administracyjnych  18.12.2024"},"content":{"rendered":"<p style=\"text-align: center;\">Po raz kojelny, nasza szko\u0142a zosta\u0142a zaproszona na targi organizowane w <a href=\"https:\/\/zsea.wroclaw.szkolnastrona.pl\/\">Zespole Szk\u00f3\u0142 Ekonomiczno-Administracyjnych we Wroc\u0142awiu<\/a>. Odby\u0142y si\u0119 one 18 grudnia 2024.<\/p>\n<p><img loading=\"lazy\" decoding=\"async\" class=\"wp-image-9512 aligncenter\" src=\"http:\/\/medyk.wroclaw.dolnyslask.pl\/wp-content\/uploads\/2025\/01\/signal-2025-01-13-141300-1.jpeg\" alt=\"\" width=\"738\" height=\"554\" srcset=\"https:\/\/medyk.wroclaw.dolnyslask.pl\/wp-content\/uploads\/2025\/01\/signal-2025-01-13-141300-1.jpeg 1600w, https:\/\/medyk.wroclaw.dolnyslask.pl\/wp-content\/uploads\/2025\/01\/signal-2025-01-13-141300-1-300x225.jpeg 300w, https:\/\/medyk.wroclaw.dolnyslask.pl\/wp-content\/uploads\/2025\/01\/signal-2025-01-13-141300-1-1024x768.jpeg 1024w, https:\/\/medyk.wroclaw.dolnyslask.pl\/wp-content\/uploads\/2025\/01\/signal-2025-01-13-141300-1-768x576.jpeg 768w, https:\/\/medyk.wroclaw.dolnyslask.pl\/wp-content\/uploads\/2025\/01\/signal-2025-01-13-141300-1-1536x1152.jpeg 1536w\" sizes=\"auto, (max-width: 738px) 100vw, 738px\" \/><\/p>\n<p style=\"text-align: center;\">\n<p style=\"text-align: center;\">Jeste\u015bmy niezmiernie szcze\u015bliwi, \u017ce nasze stanowisko cieszy\u0142o si\u0119 takim zainteresowaniem. Serdecznie zapraszamy do naszej szko\u0142y Policealnej!<\/p>\n<p style=\"text-align: center;\">Dzi\u0119kujemy r\u00f3wnie\u017c naszym s\u0142uchaczom, kt\u00f3rzy po\u015bwi\u0119cili sw\u00f3j czas, aby zapozna\u0107 m\u0142odzie\u017c z nasz\u0105 ofert\u0105.<\/p>\n<p style=\"text-align: center;\">Zdj\u0119cia i filmiki z targ\u00f3w dost\u0119pne <a href=\"http:\/\/medyk.wroclaw.dolnyslask.pl\/index.php\/galeria-2025\/\">TUTAJ<\/a>.<\/p>\n<p>&nbsp;<\/p>\n","protected":false},"excerpt":{"rendered":"<p>Po raz kojelny, nasza szko\u0142a zosta\u0142a zaproszona na targi organizowane w Zespole Szk\u00f3\u0142 Ekonomiczno-Administracyjnych we Wroc\u0142awiu. Odby\u0142y si\u0119 one 18 grudnia 2024. Jeste\u015bmy niezmiernie szcze\u015bliwi, \u017ce nasze stanowisko cieszy\u0142o si\u0119 [&hellip;]<\/p>\n","protected":false},"author":26,"featured_media":0,"comment_status":"open","ping_status":"open","sticky":false,"template":"","format":"standard","meta":{"footnotes":""},"categories":[1],"tags":[],"class_list":["post-9527","post","type-post","status-publish","format-standard","hentry","category-aktualnosci","clearfix"],"_links":{"self":[{"href":"https:\/\/medyk.wroclaw.dolnyslask.pl\/index.php\/wp-json\/wp\/v2\/posts\/9527","targetHints":{"allow":["GET"]}}],"collection":[{"href":"https:\/\/medyk.wroclaw.dolnyslask.pl\/index.php\/wp-json\/wp\/v2\/posts"}],"about":[{"href":"https:\/\/medyk.wroclaw.dolnyslask.pl\/index.php\/wp-json\/wp\/v2\/types\/post"}],"author":[{"embeddable":true,"href":"https:\/\/medyk.wroclaw.dolnyslask.pl\/index.php\/wp-json\/wp\/v2\/users\/26"}],"replies":[{"embeddable":true,"href":"https:\/\/medyk.wroclaw.dolnyslask.pl\/index.php\/wp-json\/wp\/v2\/comments?post=9527"}],"version-history":[{"count":1,"href":"https:\/\/medyk.wroclaw.dolnyslask.pl\/index.php\/wp-json\/wp\/v2\/posts\/9527\/revisions"}],"predecessor-version":[{"id":9530,"href":"https:\/\/medyk.wroclaw.dolnyslask.pl\/index.php\/wp-json\/wp\/v2\/posts\/9527\/revisions\/9530"}],"wp:attachment":[{"href":"https:\/\/medyk.wroclaw.dolnyslask.pl\/index.php\/wp-json\/wp\/v2\/media?parent=9527"}],"wp:term":[{"taxonomy":"category","embeddable":true,"href":"https:\/\/medyk.wroclaw.dolnyslask.pl\/index.php\/wp-json\/wp\/v2\/categories?post=9527"},{"taxonomy":"post_tag","embeddable":true,"href":"https:\/\/medyk.wroclaw.dolnyslask.pl\/index.php\/wp-json\/wp\/v2\/tags?post=9527"}],"curies":[{"name":"wp","href":"https:\/\/api.w.org\/{rel}","templated":true}]}}