{"id":9934,"date":"2025-02-20T08:31:39","date_gmt":"2025-02-20T07:31:39","guid":{"rendered":"https:\/\/medyk.wroclaw.dolnyslask.pl\/?p=9934"},"modified":"2025-02-20T08:44:40","modified_gmt":"2025-02-20T07:44:40","slug":"laczy-nas-krew-ktora-ratuje-zycie","status":"publish","type":"post","link":"https:\/\/medyk.wroclaw.dolnyslask.pl\/index.php\/laczy-nas-krew-ktora-ratuje-zycie\/2025\/02\/20\/ppowilan\/","title":{"rendered":"\u0141\u0104CZY NAS KREW, KT\u00d3RA RATUJE \u017bYCIE"},"content":{"rendered":"<p><strong><img loading=\"lazy\" decoding=\"async\" class=\"alignnone size-full wp-image-9937\" src=\"https:\/\/medyk.wroclaw.dolnyslask.pl\/wp-content\/uploads\/2025\/02\/bb7.jpg\" alt=\"\" width=\"1920\" height=\"792\" srcset=\"https:\/\/medyk.wroclaw.dolnyslask.pl\/wp-content\/uploads\/2025\/02\/bb7.jpg 1920w, https:\/\/medyk.wroclaw.dolnyslask.pl\/wp-content\/uploads\/2025\/02\/bb7-300x124.jpg 300w, https:\/\/medyk.wroclaw.dolnyslask.pl\/wp-content\/uploads\/2025\/02\/bb7-1024x422.jpg 1024w, https:\/\/medyk.wroclaw.dolnyslask.pl\/wp-content\/uploads\/2025\/02\/bb7-768x317.jpg 768w, https:\/\/medyk.wroclaw.dolnyslask.pl\/wp-content\/uploads\/2025\/02\/bb7-1536x634.jpg 1536w\" sizes=\"auto, (max-width: 1920px) 100vw, 1920px\" \/>Drodzy S\u0142uchacze,<\/strong><\/p>\n<p>Z rado\u015bci\u0105 zapraszamy Was na spotkanie edukacyjne z pracownikiem Regionalnego Centrum Krwiodawstwa i Krwiolecznictwa we Wroc\u0142awiu, kt\u00f3re odb\u0119dzie si\u0119 13 marca o godzinie 10:00 w auli.<\/p>\n<p>Celem spotkania jest przybli\u017cenie Wam idei honorowego krwiodawstwa oraz znaczenia oddawania krwi, kt\u00f3re ma ogromny wp\u0142yw na \u017cycie i zdrowie wielu os\u00f3b. Oddaj\u0105c krew, nie tylko pomagacie innym, ale r\u00f3wnie\u017c jeste\u015bcie \u015bwiadkami jednego z najwa\u017cniejszych akt\u00f3w solidarno\u015bci i troski o drugiego cz\u0142owieka.<\/p>\n<p>Zach\u0119camy Was do udzia\u0142u w tym spotkaniu \u2013 b\u0119dzie to doskona\u0142a okazja, by zdoby\u0107 cenn\u0105 wiedz\u0119, kt\u00f3ra mo\u017ce by\u0107 wykorzystywana nie tylko w Waszej codziennej pracy, ale tak\u017ce w \u017cyciu prywatnym. Wasza obecno\u015b\u0107 b\u0119dzie nie tylko warto\u015bciowym do\u015bwiadczeniem, ale tak\u017ce wyrazem wsparcia dla tej szlachetnej inicjatywy.<\/p>\n<p>Serdecznie zapraszamy i liczymy na Wasz\u0105 obecno\u015b\u0107!<\/p>\n<p>&nbsp;<\/p>\n<p>Materia\u0142y do pobrania:<\/p>\n<p>Najwa\u017cniejsze informacje w pigu\u0142ce &#8211;\u00a0 <a href=\"https:\/\/medyk.wroclaw.dolnyslask.pl\/wp-content\/uploads\/2025\/02\/ulotka_dl_web_2023.pdf\">ULOTKA &#8211; DAWCA KRWI<\/a><\/p>\n<p>Komiks dla ca\u0142ej rodziny &#8211;\u00a0 <a href=\"https:\/\/medyk.wroclaw.dolnyslask.pl\/wp-content\/uploads\/2025\/02\/komiks_1_3_2023.pdf\">KOMIKS DLA DZIECI &#8211; DAWCA KRWI<\/a><\/p>\n<p>&nbsp;<\/p>\n<p><img loading=\"lazy\" decoding=\"async\" class=\"size-full wp-image-9958 aligncenter\" src=\"https:\/\/medyk.wroclaw.dolnyslask.pl\/wp-content\/uploads\/2025\/02\/plakat1_ponadp_nowy_web_2023-1-scaled.jpg\" alt=\"\" width=\"1810\" height=\"2560\" srcset=\"https:\/\/medyk.wroclaw.dolnyslask.pl\/wp-content\/uploads\/2025\/02\/plakat1_ponadp_nowy_web_2023-1-scaled.jpg 1810w, https:\/\/medyk.wroclaw.dolnyslask.pl\/wp-content\/uploads\/2025\/02\/plakat1_ponadp_nowy_web_2023-1-212x300.jpg 212w, https:\/\/medyk.wroclaw.dolnyslask.pl\/wp-content\/uploads\/2025\/02\/plakat1_ponadp_nowy_web_2023-1-724x1024.jpg 724w, https:\/\/medyk.wroclaw.dolnyslask.pl\/wp-content\/uploads\/2025\/02\/plakat1_ponadp_nowy_web_2023-1-768x1086.jpg 768w, https:\/\/medyk.wroclaw.dolnyslask.pl\/wp-content\/uploads\/2025\/02\/plakat1_ponadp_nowy_web_2023-1-1086x1536.jpg 1086w, https:\/\/medyk.wroclaw.dolnyslask.pl\/wp-content\/uploads\/2025\/02\/plakat1_ponadp_nowy_web_2023-1-1448x2048.jpg 1448w\" sizes=\"auto, (max-width: 1810px) 100vw, 1810px\" \/><\/p>\n","protected":false},"excerpt":{"rendered":"<p>Drodzy S\u0142uchacze, Z rado\u015bci\u0105 zapraszamy Was na spotkanie edukacyjne z pracownikiem Regionalnego Centrum Krwiodawstwa i Krwiolecznictwa we Wroc\u0142awiu, kt\u00f3re odb\u0119dzie si\u0119 13 marca o godzinie 10:00 w auli. Celem spotkania [&hellip;]<\/p>\n","protected":false},"author":26,"featured_media":0,"comment_status":"open","ping_status":"open","sticky":false,"template":"","format":"standard","meta":{"footnotes":""},"categories":[1],"tags":[],"class_list":["post-9934","post","type-post","status-publish","format-standard","hentry","category-aktualnosci","clearfix"],"_links":{"self":[{"href":"https:\/\/medyk.wroclaw.dolnyslask.pl\/index.php\/wp-json\/wp\/v2\/posts\/9934","targetHints":{"allow":["GET"]}}],"collection":[{"href":"https:\/\/medyk.wroclaw.dolnyslask.pl\/index.php\/wp-json\/wp\/v2\/posts"}],"about":[{"href":"https:\/\/medyk.wroclaw.dolnyslask.pl\/index.php\/wp-json\/wp\/v2\/types\/post"}],"author":[{"embeddable":true,"href":"https:\/\/medyk.wroclaw.dolnyslask.pl\/index.php\/wp-json\/wp\/v2\/users\/26"}],"replies":[{"embeddable":true,"href":"https:\/\/medyk.wroclaw.dolnyslask.pl\/index.php\/wp-json\/wp\/v2\/comments?post=9934"}],"version-history":[{"count":2,"href":"https:\/\/medyk.wroclaw.dolnyslask.pl\/index.php\/wp-json\/wp\/v2\/posts\/9934\/revisions"}],"predecessor-version":[{"id":9961,"href":"https:\/\/medyk.wroclaw.dolnyslask.pl\/index.php\/wp-json\/wp\/v2\/posts\/9934\/revisions\/9961"}],"wp:attachment":[{"href":"https:\/\/medyk.wroclaw.dolnyslask.pl\/index.php\/wp-json\/wp\/v2\/media?parent=9934"}],"wp:term":[{"taxonomy":"category","embeddable":true,"href":"https:\/\/medyk.wroclaw.dolnyslask.pl\/index.php\/wp-json\/wp\/v2\/categories?post=9934"},{"taxonomy":"post_tag","embeddable":true,"href":"https:\/\/medyk.wroclaw.dolnyslask.pl\/index.php\/wp-json\/wp\/v2\/tags?post=9934"}],"curies":[{"name":"wp","href":"https:\/\/api.w.org\/{rel}","templated":true}]}}